{"id":112,"date":"2024-09-20T13:56:45","date_gmt":"2024-09-20T11:56:45","guid":{"rendered":"https:\/\/venti.net.pl\/blog\/?p=112"},"modified":"2024-09-23T13:58:57","modified_gmt":"2024-09-23T11:58:57","slug":"jak-dobrac-lustro-do-niewielkiej-lazienki","status":"publish","type":"post","link":"https:\/\/venti.net.pl\/blog\/jak-dobrac-lustro-do-niewielkiej-lazienki\/","title":{"rendered":"Jak dobra\u0107 lustro do niewielkiej \u0142azienki?"},"content":{"rendered":"\n<p>Wyb\u00f3r odpowiedniego lustra do ma\u0142ej \u0142azienki mo\u017ce znacznie wp\u0142yn\u0105\u0107 na odbi\u00f3r tego pomieszczenia. Pe\u0142ni ono nie tylko praktyczn\u0105 funkcj\u0119, ale r\u00f3wnie\u017c mo\u017ce zwi\u0119kszy\u0107 optycznie przestrze\u0144, co jest szczeg\u00f3lnie istotne w przypadku niewielkich wn\u0119trz. Warto zwr\u00f3ci\u0107 uwag\u0119 na nowoczesne rozwi\u0105zania, takie jak lustro led, kt\u00f3re dodatkowo wprowadza atrakcyjne o\u015bwietlenie do wn\u0119trza.&nbsp;<\/p>\n\n\n\n<!--more-->\n\n\n\n<h2 class=\"wp-block-heading\">Dob\u00f3r rozmiaru lustra<\/h2>\n\n\n\n<p>Dob\u00f3r odpowiedniego rozmiaru lustra ma kluczowe znaczenie dla optyki ma\u0142ej \u0142azienki. Zbyt du\u017ce mo\u017ce przyt\u0142oczy\u0107 przestrze\u0144, podczas gdy zbyt ma\u0142e nie spe\u0142ni swojej funkcji<strong>. Aby wybra\u0107 w\u0142a\u015bciwy rozmiar, warto zwr\u00f3ci\u0107 uwag\u0119 na proporcje pomieszczenia oraz umiejscowienie innych element\u00f3w wyposa\u017cenia, takich jak umywalka czy szafka.<\/strong> W ma\u0142ym wn\u0119trzu lepiej sprawdz\u0105 si\u0119 lustra o wi\u0119kszej wysoko\u015bci ni\u017c szeroko\u015bci, kt\u00f3re optycznie wysmuklaj\u0105 ca\u0142o\u015b\u0107 i dodaj\u0105 jej przestrzeni. Nale\u017cy pami\u0119ta\u0107 tak\u017ce, \u017ce powinno by\u0107 nieco mniejsze ni\u017c szeroko\u015b\u0107 umywalki, aby zachowa\u0107 harmoni\u0119 i r\u00f3wnowag\u0119 w aran\u017cacji.&nbsp;<\/p>\n\n\n\n<h2 class=\"wp-block-heading\">O\u015bwietlenie led w lustrze<\/h2>\n\n\n\n<p>O\u015bwietlenie led w lustrze mo\u017ce znacz\u0105co wp\u0142yn\u0105\u0107 na funkcjonalno\u015b\u0107 i estetyk\u0119 ma\u0142ej \u0142azienki. <strong>Dzi\u0119ki wbudowanemu o\u015bwietleniu staje si\u0119 ono nie tylko praktyczne, ale r\u00f3wnie\u017c dodaje wn\u0119trzu nowoczesnego wygl\u0105du. <\/strong>Ponadto, o\u015bwietlenie led jest energooszcz\u0119dne, co przek\u0142ada si\u0119 na ni\u017csze rachunki za pr\u0105d. <a href=\"https:\/\/venti.net.pl\/lustra-lazienkowe\">Lustro led do \u0142azienki<\/a> mo\u017ce by\u0107 dobrym wyborem dla os\u00f3b chc\u0105cych zaoszcz\u0119dzi\u0107 miejsce na dodatkowe lampy czy \u017cyrandole. Zintegrowane o\u015bwietlenie czyni je bardziej u\u017cytecznym i wygodnym, jednocze\u015bnie oddzia\u0142uj\u0105c na wizualny odbi\u00f3r przestrzeni. Dodatkowo mo\u017cliwo\u015b\u0107 regulacji nat\u0119\u017cenia \u015bwiat\u0142a oraz koloru pozwala dostosowa\u0107 je do indywidualnych potrzeb u\u017cytkownika. Dzi\u0119ki temu mo\u017cna uzyska\u0107 odpowiednie warunki do makija\u017cu czy golenia oraz stworzy\u0107 przytuln\u0105 atmosfer\u0119 podczas relaksuj\u0105cej k\u0105pieli.&nbsp;<\/p>\n","protected":false},"excerpt":{"rendered":"<p>Wyb\u00f3r odpowiedniego lustra do ma\u0142ej \u0142azienki mo\u017ce znacznie wp\u0142yn\u0105\u0107 na odbi\u00f3r tego pomieszczenia. Pe\u0142ni ono nie tylko praktyczn\u0105 funkcj\u0119, ale r\u00f3wnie\u017c mo\u017ce zwi\u0119kszy\u0107 optycznie przestrze\u0144, co jest szczeg\u00f3lnie istotne w przypadku niewielkich wn\u0119trz. Warto zwr\u00f3ci\u0107 uwag\u0119 na nowoczesne rozwi\u0105zania, takie jak lustro led, kt\u00f3re dodatkowo wprowadza atrakcyjne o\u015bwietlenie do wn\u0119trza.&nbsp;<\/p>\n","protected":false},"author":1,"featured_media":113,"comment_status":"open","ping_status":"open","sticky":false,"template":"","format":"standard","meta":{"footnotes":""},"categories":[1],"tags":[],"class_list":["post-112","post","type-post","status-publish","format-standard","has-post-thumbnail","hentry","category-bez-kategorii"],"yoast_head":"<!-- This site is optimized with the Yoast SEO plugin v19.13 - https:\/\/yoast.com\/wordpress\/plugins\/seo\/ -->\n<title>Na co warto zw\u00f3ci\u0107 uwag\u0119 przy wyborze lustra do \u0142azienki?<\/title>\n<meta name=\"description\" content=\"Przy wyborze lustra do \u0142azienki warto wr\u00f3ci\u0107 uwag\u0119 na jego wielko\u015b\u0107, kszta\u0142t oraz spos\u00f3b monta\u017cu. Dobrze dobrane lustro powi\u0119kszy optycznie przestrze\u0144.\" \/>\n<meta name=\"robots\" content=\"index, follow, max-snippet:-1, max-image-preview:large, max-video-preview:-1\" \/>\n<link rel=\"canonical\" href=\"https:\/\/venti.net.pl\/blog\/jak-dobrac-lustro-do-niewielkiej-lazienki\/\" \/>\n<meta property=\"og:locale\" content=\"pl_PL\" \/>\n<meta property=\"og:type\" content=\"article\" \/>\n<meta property=\"og:title\" content=\"Na co warto zw\u00f3ci\u0107 uwag\u0119 przy wyborze lustra do \u0142azienki?\" \/>\n<meta property=\"og:description\" content=\"Przy wyborze lustra do \u0142azienki warto wr\u00f3ci\u0107 uwag\u0119 na jego wielko\u015b\u0107, kszta\u0142t oraz spos\u00f3b monta\u017cu. Dobrze dobrane lustro powi\u0119kszy optycznie przestrze\u0144.\" \/>\n<meta property=\"og:url\" content=\"https:\/\/venti.net.pl\/blog\/jak-dobrac-lustro-do-niewielkiej-lazienki\/\" \/>\n<meta property=\"og:site_name\" content=\"Venti\" \/>\n<meta property=\"article:published_time\" content=\"2024-09-20T11:56:45+00:00\" \/>\n<meta property=\"article:modified_time\" content=\"2024-09-23T11:58:57+00:00\" \/>\n<meta property=\"og:image\" content=\"https:\/\/venti.net.pl\/blog\/wp-content\/uploads\/2024\/09\/podswietlane-lustro-nad-umywalka.webp\" \/>\n\t<meta property=\"og:image:width\" content=\"1360\" \/>\n\t<meta property=\"og:image:height\" content=\"908\" \/>\n\t<meta property=\"og:image:type\" content=\"image\/webp\" \/>\n<meta name=\"author\" content=\"admin\" \/>\n<meta name=\"twitter:card\" content=\"summary_large_image\" \/>\n<meta name=\"twitter:label1\" content=\"Napisane przez\" \/>\n\t<meta name=\"twitter:data1\" content=\"admin\" \/>\n\t<meta name=\"twitter:label2\" content=\"Szacowany czas czytania\" \/>\n\t<meta name=\"twitter:data2\" content=\"2 minuty\" \/>\n<script type=\"application\/ld+json\" class=\"yoast-schema-graph\">{\"@context\":\"https:\/\/schema.org\",\"@graph\":[{\"@type\":\"WebPage\",\"@id\":\"https:\/\/venti.net.pl\/blog\/jak-dobrac-lustro-do-niewielkiej-lazienki\/\",\"url\":\"https:\/\/venti.net.pl\/blog\/jak-dobrac-lustro-do-niewielkiej-lazienki\/\",\"name\":\"Na co warto zw\u00f3ci\u0107 uwag\u0119 przy wyborze lustra do \u0142azienki?\",\"isPartOf\":{\"@id\":\"https:\/\/venti.net.pl\/blog\/#website\"},\"datePublished\":\"2024-09-20T11:56:45+00:00\",\"dateModified\":\"2024-09-23T11:58:57+00:00\",\"author\":{\"@id\":\"https:\/\/venti.net.pl\/blog\/#\/schema\/person\/8b34fa19ed46553ce1af73e0b5848be7\"},\"description\":\"Przy wyborze lustra do \u0142azienki warto wr\u00f3ci\u0107 uwag\u0119 na jego wielko\u015b\u0107, kszta\u0142t oraz spos\u00f3b monta\u017cu. Dobrze dobrane lustro powi\u0119kszy optycznie przestrze\u0144.\",\"breadcrumb\":{\"@id\":\"https:\/\/venti.net.pl\/blog\/jak-dobrac-lustro-do-niewielkiej-lazienki\/#breadcrumb\"},\"inLanguage\":\"pl-PL\",\"potentialAction\":[{\"@type\":\"ReadAction\",\"target\":[\"https:\/\/venti.net.pl\/blog\/jak-dobrac-lustro-do-niewielkiej-lazienki\/\"]}]},{\"@type\":\"BreadcrumbList\",\"@id\":\"https:\/\/venti.net.pl\/blog\/jak-dobrac-lustro-do-niewielkiej-lazienki\/#breadcrumb\",\"itemListElement\":[{\"@type\":\"ListItem\",\"position\":1,\"name\":\"Strona g\u0142\u00f3wna\",\"item\":\"https:\/\/venti.net.pl\/blog\/\"},{\"@type\":\"ListItem\",\"position\":2,\"name\":\"Jak dobra\u0107 lustro do niewielkiej \u0142azienki?\"}]},{\"@type\":\"WebSite\",\"@id\":\"https:\/\/venti.net.pl\/blog\/#website\",\"url\":\"https:\/\/venti.net.pl\/blog\/\",\"name\":\"Venti\",\"description\":\"\",\"potentialAction\":[{\"@type\":\"SearchAction\",\"target\":{\"@type\":\"EntryPoint\",\"urlTemplate\":\"https:\/\/venti.net.pl\/blog\/?s={search_term_string}\"},\"query-input\":\"required name=search_term_string\"}],\"inLanguage\":\"pl-PL\"},{\"@type\":\"Person\",\"@id\":\"https:\/\/venti.net.pl\/blog\/#\/schema\/person\/8b34fa19ed46553ce1af73e0b5848be7\",\"name\":\"admin\",\"image\":{\"@type\":\"ImageObject\",\"inLanguage\":\"pl-PL\",\"@id\":\"https:\/\/venti.net.pl\/blog\/#\/schema\/person\/image\/\",\"url\":\"https:\/\/secure.gravatar.com\/avatar\/8ba90f968bb31cbecf6444ed388f8c5bd5d9803a1e56d3674bd89c22985e049d?s=96&d=mm&r=g\",\"contentUrl\":\"https:\/\/secure.gravatar.com\/avatar\/8ba90f968bb31cbecf6444ed388f8c5bd5d9803a1e56d3674bd89c22985e049d?s=96&d=mm&r=g\",\"caption\":\"admin\"},\"sameAs\":[\"https:\/\/venti.net.pl\/blog\"],\"url\":\"https:\/\/venti.net.pl\/blog\/author\/admin\/\"}]}<\/script>\n<!-- \/ Yoast SEO plugin. -->","yoast_head_json":{"title":"Na co warto zw\u00f3ci\u0107 uwag\u0119 przy wyborze lustra do \u0142azienki?","description":"Przy wyborze lustra do \u0142azienki warto wr\u00f3ci\u0107 uwag\u0119 na jego wielko\u015b\u0107, kszta\u0142t oraz spos\u00f3b monta\u017cu. Dobrze dobrane lustro powi\u0119kszy optycznie przestrze\u0144.","robots":{"index":"index","follow":"follow","max-snippet":"max-snippet:-1","max-image-preview":"max-image-preview:large","max-video-preview":"max-video-preview:-1"},"canonical":"https:\/\/venti.net.pl\/blog\/jak-dobrac-lustro-do-niewielkiej-lazienki\/","og_locale":"pl_PL","og_type":"article","og_title":"Na co warto zw\u00f3ci\u0107 uwag\u0119 przy wyborze lustra do \u0142azienki?","og_description":"Przy wyborze lustra do \u0142azienki warto wr\u00f3ci\u0107 uwag\u0119 na jego wielko\u015b\u0107, kszta\u0142t oraz spos\u00f3b monta\u017cu. Dobrze dobrane lustro powi\u0119kszy optycznie przestrze\u0144.","og_url":"https:\/\/venti.net.pl\/blog\/jak-dobrac-lustro-do-niewielkiej-lazienki\/","og_site_name":"Venti","article_published_time":"2024-09-20T11:56:45+00:00","article_modified_time":"2024-09-23T11:58:57+00:00","og_image":[{"width":1360,"height":908,"url":"https:\/\/venti.net.pl\/blog\/wp-content\/uploads\/2024\/09\/podswietlane-lustro-nad-umywalka.webp","type":"image\/webp"}],"author":"admin","twitter_card":"summary_large_image","twitter_misc":{"Napisane przez":"admin","Szacowany czas czytania":"2 minuty"},"schema":{"@context":"https:\/\/schema.org","@graph":[{"@type":"WebPage","@id":"https:\/\/venti.net.pl\/blog\/jak-dobrac-lustro-do-niewielkiej-lazienki\/","url":"https:\/\/venti.net.pl\/blog\/jak-dobrac-lustro-do-niewielkiej-lazienki\/","name":"Na co warto zw\u00f3ci\u0107 uwag\u0119 przy wyborze lustra do \u0142azienki?","isPartOf":{"@id":"https:\/\/venti.net.pl\/blog\/#website"},"datePublished":"2024-09-20T11:56:45+00:00","dateModified":"2024-09-23T11:58:57+00:00","author":{"@id":"https:\/\/venti.net.pl\/blog\/#\/schema\/person\/8b34fa19ed46553ce1af73e0b5848be7"},"description":"Przy wyborze lustra do \u0142azienki warto wr\u00f3ci\u0107 uwag\u0119 na jego wielko\u015b\u0107, kszta\u0142t oraz spos\u00f3b monta\u017cu. Dobrze dobrane lustro powi\u0119kszy optycznie przestrze\u0144.","breadcrumb":{"@id":"https:\/\/venti.net.pl\/blog\/jak-dobrac-lustro-do-niewielkiej-lazienki\/#breadcrumb"},"inLanguage":"pl-PL","potentialAction":[{"@type":"ReadAction","target":["https:\/\/venti.net.pl\/blog\/jak-dobrac-lustro-do-niewielkiej-lazienki\/"]}]},{"@type":"BreadcrumbList","@id":"https:\/\/venti.net.pl\/blog\/jak-dobrac-lustro-do-niewielkiej-lazienki\/#breadcrumb","itemListElement":[{"@type":"ListItem","position":1,"name":"Strona g\u0142\u00f3wna","item":"https:\/\/venti.net.pl\/blog\/"},{"@type":"ListItem","position":2,"name":"Jak dobra\u0107 lustro do niewielkiej \u0142azienki?"}]},{"@type":"WebSite","@id":"https:\/\/venti.net.pl\/blog\/#website","url":"https:\/\/venti.net.pl\/blog\/","name":"Venti","description":"","potentialAction":[{"@type":"SearchAction","target":{"@type":"EntryPoint","urlTemplate":"https:\/\/venti.net.pl\/blog\/?s={search_term_string}"},"query-input":"required name=search_term_string"}],"inLanguage":"pl-PL"},{"@type":"Person","@id":"https:\/\/venti.net.pl\/blog\/#\/schema\/person\/8b34fa19ed46553ce1af73e0b5848be7","name":"admin","image":{"@type":"ImageObject","inLanguage":"pl-PL","@id":"https:\/\/venti.net.pl\/blog\/#\/schema\/person\/image\/","url":"https:\/\/secure.gravatar.com\/avatar\/8ba90f968bb31cbecf6444ed388f8c5bd5d9803a1e56d3674bd89c22985e049d?s=96&d=mm&r=g","contentUrl":"https:\/\/secure.gravatar.com\/avatar\/8ba90f968bb31cbecf6444ed388f8c5bd5d9803a1e56d3674bd89c22985e049d?s=96&d=mm&r=g","caption":"admin"},"sameAs":["https:\/\/venti.net.pl\/blog"],"url":"https:\/\/venti.net.pl\/blog\/author\/admin\/"}]}},"_links":{"self":[{"href":"https:\/\/venti.net.pl\/blog\/wp-json\/wp\/v2\/posts\/112","targetHints":{"allow":["GET"]}}],"collection":[{"href":"https:\/\/venti.net.pl\/blog\/wp-json\/wp\/v2\/posts"}],"about":[{"href":"https:\/\/venti.net.pl\/blog\/wp-json\/wp\/v2\/types\/post"}],"author":[{"embeddable":true,"href":"https:\/\/venti.net.pl\/blog\/wp-json\/wp\/v2\/users\/1"}],"replies":[{"embeddable":true,"href":"https:\/\/venti.net.pl\/blog\/wp-json\/wp\/v2\/comments?post=112"}],"version-history":[{"count":1,"href":"https:\/\/venti.net.pl\/blog\/wp-json\/wp\/v2\/posts\/112\/revisions"}],"predecessor-version":[{"id":114,"href":"https:\/\/venti.net.pl\/blog\/wp-json\/wp\/v2\/posts\/112\/revisions\/114"}],"wp:featuredmedia":[{"embeddable":true,"href":"https:\/\/venti.net.pl\/blog\/wp-json\/wp\/v2\/media\/113"}],"wp:attachment":[{"href":"https:\/\/venti.net.pl\/blog\/wp-json\/wp\/v2\/media?parent=112"}],"wp:term":[{"taxonomy":"category","embeddable":true,"href":"https:\/\/venti.net.pl\/blog\/wp-json\/wp\/v2\/categories?post=112"},{"taxonomy":"post_tag","embeddable":true,"href":"https:\/\/venti.net.pl\/blog\/wp-json\/wp\/v2\/tags?post=112"}],"curies":[{"name":"wp","href":"https:\/\/api.w.org\/{rel}","templated":true}]}}