{"id":41,"date":"2023-06-13T18:34:35","date_gmt":"2023-06-13T16:34:35","guid":{"rendered":"https:\/\/venti.net.pl\/blog\/?p=41"},"modified":"2023-06-30T18:38:45","modified_gmt":"2023-06-30T16:38:45","slug":"nie-tylko-do-lazienki-gdzie-jeszcze-sprawdzi-sie-podswietlane-lustro","status":"publish","type":"post","link":"https:\/\/venti.net.pl\/blog\/nie-tylko-do-lazienki-gdzie-jeszcze-sprawdzi-sie-podswietlane-lustro\/","title":{"rendered":"Nie tylko do \u0142azienki. Gdzie jeszcze sprawdzi si\u0119 pod\u015bwietlane lustro?"},"content":{"rendered":"\n<p>Pod\u015bwietlane lustro to jedno z najpopularniejszych rozwi\u0105za\u0144 w \u0142azience, poniewa\u017c umo\u017cliwia ono precyzyjne wykonanie zabieg\u00f3w piel\u0119gnacyjnych i kosmetycznych. O\u015bwietlenie LED w lustrach poprawia widoczno\u015b\u0107 twarzy i zapewnia wi\u0119kszy komfort podczas codziennych czynno\u015bci, takich jak makija\u017c czy golenie si\u0119. Jednak rozwi\u0105zanie to \u015bwietnie sprawdza si\u0119 tak\u017ce w innych pomieszczeniach, w kt\u00f3rych wa\u017cna jest odpowiednia widoczno\u015b\u0107 i estetyka. O\u015bwietlenie LED jest zazwyczaj umieszczone na obwodzie lustra i mo\u017ce by\u0107 regulowane w zale\u017cno\u015bci od preferencji.<\/p>\n\n\n\n<!--more-->\n\n\n\n<h2 class=\"wp-block-heading\">Zastosowanie lustra z pod\u015bwietleniem<\/h2>\n\n\n\n<p>Zastosowanie pod\u015bwietlanych luster nie musi ogranicza\u0107 si\u0119 wy\u0142\u0105cznie do \u0142azienek. Mog\u0105 by\u0107 one wykorzystywane w r\u00f3\u017cnych miejscach w domu, takich jak garderoby, korytarze i sypialnie. O\u015bwietlenie LED przydaje si\u0119 podczas zak\u0142adania bi\u017cuterii przy toaletce lub dobierania odzie\u017cy w ciasnej garderobie. W sypialni <a href=\"https:\/\/venti.net.pl\/produkty.php?typ=podswietlane\">lustra pod\u015bwietlane<\/a> umieszczone na szafkach nocnych czy przy \u0142\u00f3\u017cku tworz\u0105 nietuzinkow\u0105 atmosfer\u0119 i nadaj\u0105 pomieszczeniu nowy, luksusowy wymiar. Doskonale sprawdzaj\u0105 si\u0119 r\u00f3wnie\u017c jako subtelne <strong>\u017ar\u00f3d\u0142o \u015bwiat\u0142a w ciemnym i w\u0105skim holu<\/strong>, kt\u00f3ry cz\u0119sto pozbawiony jest okien, a co za tym idzie \u2013 tak\u017ce naturalnego dziennego o\u015bwietlenia.<\/p>\n\n\n\n<h2 class=\"wp-block-heading\">Lustra LED jako designerski akcent<\/h2>\n\n\n\n<p>W ostatnich latach projektanci zacz\u0119li postrzega\u0107 lustra LED nie tylko jako przedmiot praktyczny, ale tak\u017ce jako dekoracyjne dzie\u0142o sztuki. Lustra w\u0142\u0105czone do projektu aran\u017cacji wn\u0119trz <strong>dodaj\u0105 pomieszczeniu g\u0142\u0119bi i jasno\u015bci<\/strong>. Venti oferuje wachlarz designerskich luster pod\u015bwietlanych, kt\u00f3re \u0142\u0105cz\u0105 funkcjonalno\u015b\u0107 ze stylem, dzi\u0119ki czemu s\u0105 idealnym dodatkiem do ka\u017cdego nowoczesnego domu. \u015awiat\u0142o LED jest bardzo naturalne i nie zniekszta\u0142ca kolor\u00f3w, dlatego nie nale\u017cy obawia\u0107 si\u0119 jego negatywnego wp\u0142ywu na estetyk\u0119 aran\u017cacji.<\/p>\n","protected":false},"excerpt":{"rendered":"<p>Pod\u015bwietlane lustro to jedno z najpopularniejszych rozwi\u0105za\u0144 w \u0142azience, poniewa\u017c umo\u017cliwia ono precyzyjne wykonanie zabieg\u00f3w piel\u0119gnacyjnych i kosmetycznych. O\u015bwietlenie LED w lustrach poprawia widoczno\u015b\u0107 twarzy i zapewnia wi\u0119kszy komfort podczas codziennych czynno\u015bci, takich jak makija\u017c czy golenie si\u0119. Jednak rozwi\u0105zanie to \u015bwietnie sprawdza si\u0119 tak\u017ce w innych pomieszczeniach, w kt\u00f3rych wa\u017cna jest odpowiednia widoczno\u015b\u0107 i [&hellip;]<\/p>\n","protected":false},"author":1,"featured_media":42,"comment_status":"open","ping_status":"open","sticky":false,"template":"","format":"standard","meta":{"footnotes":""},"categories":[1],"tags":[],"class_list":["post-41","post","type-post","status-publish","format-standard","has-post-thumbnail","hentry","category-bez-kategorii"],"yoast_head":"<!-- This site is optimized with the Yoast SEO plugin v19.13 - https:\/\/yoast.com\/wordpress\/plugins\/seo\/ -->\n<title>Gdzie mo\u017cna z powodzeniem zastosowa\u0107 pod\u015bwietlane lustro?<\/title>\n<meta name=\"description\" content=\"Pod\u015bwietlane lustra to nie tylko funkcjonalny dodatek, ale tak\u017ce designerski element dekoracyjny. W jakich pomieszczeniach mo\u017cna wykorzysta\u0107 ich potencja\u0142?\" \/>\n<meta name=\"robots\" content=\"index, follow, max-snippet:-1, max-image-preview:large, max-video-preview:-1\" \/>\n<link rel=\"canonical\" href=\"https:\/\/venti.net.pl\/blog\/nie-tylko-do-lazienki-gdzie-jeszcze-sprawdzi-sie-podswietlane-lustro\/\" \/>\n<meta property=\"og:locale\" content=\"pl_PL\" \/>\n<meta property=\"og:type\" content=\"article\" \/>\n<meta property=\"og:title\" content=\"Gdzie mo\u017cna z powodzeniem zastosowa\u0107 pod\u015bwietlane lustro?\" \/>\n<meta property=\"og:description\" content=\"Pod\u015bwietlane lustra to nie tylko funkcjonalny dodatek, ale tak\u017ce designerski element dekoracyjny. W jakich pomieszczeniach mo\u017cna wykorzysta\u0107 ich potencja\u0142?\" \/>\n<meta property=\"og:url\" content=\"https:\/\/venti.net.pl\/blog\/nie-tylko-do-lazienki-gdzie-jeszcze-sprawdzi-sie-podswietlane-lustro\/\" \/>\n<meta property=\"og:site_name\" content=\"Venti\" \/>\n<meta property=\"article:published_time\" content=\"2023-06-13T16:34:35+00:00\" \/>\n<meta property=\"article:modified_time\" content=\"2023-06-30T16:38:45+00:00\" \/>\n<meta property=\"og:image\" content=\"https:\/\/venti.net.pl\/blog\/wp-content\/uploads\/2023\/06\/lustro-z-oswietleniem.jpg\" \/>\n\t<meta property=\"og:image:width\" content=\"727\" \/>\n\t<meta property=\"og:image:height\" content=\"484\" \/>\n\t<meta property=\"og:image:type\" content=\"image\/jpeg\" \/>\n<meta name=\"author\" content=\"admin\" \/>\n<meta name=\"twitter:card\" content=\"summary_large_image\" \/>\n<meta name=\"twitter:label1\" content=\"Napisane przez\" \/>\n\t<meta name=\"twitter:data1\" content=\"admin\" \/>\n\t<meta name=\"twitter:label2\" content=\"Szacowany czas czytania\" \/>\n\t<meta name=\"twitter:data2\" content=\"1 minuta\" \/>\n<script type=\"application\/ld+json\" class=\"yoast-schema-graph\">{\"@context\":\"https:\/\/schema.org\",\"@graph\":[{\"@type\":\"WebPage\",\"@id\":\"https:\/\/venti.net.pl\/blog\/nie-tylko-do-lazienki-gdzie-jeszcze-sprawdzi-sie-podswietlane-lustro\/\",\"url\":\"https:\/\/venti.net.pl\/blog\/nie-tylko-do-lazienki-gdzie-jeszcze-sprawdzi-sie-podswietlane-lustro\/\",\"name\":\"Gdzie mo\u017cna z powodzeniem zastosowa\u0107 pod\u015bwietlane lustro?\",\"isPartOf\":{\"@id\":\"https:\/\/venti.net.pl\/blog\/#website\"},\"datePublished\":\"2023-06-13T16:34:35+00:00\",\"dateModified\":\"2023-06-30T16:38:45+00:00\",\"author\":{\"@id\":\"https:\/\/venti.net.pl\/blog\/#\/schema\/person\/8b34fa19ed46553ce1af73e0b5848be7\"},\"description\":\"Pod\u015bwietlane lustra to nie tylko funkcjonalny dodatek, ale tak\u017ce designerski element dekoracyjny. W jakich pomieszczeniach mo\u017cna wykorzysta\u0107 ich potencja\u0142?\",\"breadcrumb\":{\"@id\":\"https:\/\/venti.net.pl\/blog\/nie-tylko-do-lazienki-gdzie-jeszcze-sprawdzi-sie-podswietlane-lustro\/#breadcrumb\"},\"inLanguage\":\"pl-PL\",\"potentialAction\":[{\"@type\":\"ReadAction\",\"target\":[\"https:\/\/venti.net.pl\/blog\/nie-tylko-do-lazienki-gdzie-jeszcze-sprawdzi-sie-podswietlane-lustro\/\"]}]},{\"@type\":\"BreadcrumbList\",\"@id\":\"https:\/\/venti.net.pl\/blog\/nie-tylko-do-lazienki-gdzie-jeszcze-sprawdzi-sie-podswietlane-lustro\/#breadcrumb\",\"itemListElement\":[{\"@type\":\"ListItem\",\"position\":1,\"name\":\"Strona g\u0142\u00f3wna\",\"item\":\"https:\/\/venti.net.pl\/blog\/\"},{\"@type\":\"ListItem\",\"position\":2,\"name\":\"Nie tylko do \u0142azienki. Gdzie jeszcze sprawdzi si\u0119 pod\u015bwietlane lustro?\"}]},{\"@type\":\"WebSite\",\"@id\":\"https:\/\/venti.net.pl\/blog\/#website\",\"url\":\"https:\/\/venti.net.pl\/blog\/\",\"name\":\"Venti\",\"description\":\"\",\"potentialAction\":[{\"@type\":\"SearchAction\",\"target\":{\"@type\":\"EntryPoint\",\"urlTemplate\":\"https:\/\/venti.net.pl\/blog\/?s={search_term_string}\"},\"query-input\":\"required name=search_term_string\"}],\"inLanguage\":\"pl-PL\"},{\"@type\":\"Person\",\"@id\":\"https:\/\/venti.net.pl\/blog\/#\/schema\/person\/8b34fa19ed46553ce1af73e0b5848be7\",\"name\":\"admin\",\"image\":{\"@type\":\"ImageObject\",\"inLanguage\":\"pl-PL\",\"@id\":\"https:\/\/venti.net.pl\/blog\/#\/schema\/person\/image\/\",\"url\":\"https:\/\/secure.gravatar.com\/avatar\/8ba90f968bb31cbecf6444ed388f8c5bd5d9803a1e56d3674bd89c22985e049d?s=96&d=mm&r=g\",\"contentUrl\":\"https:\/\/secure.gravatar.com\/avatar\/8ba90f968bb31cbecf6444ed388f8c5bd5d9803a1e56d3674bd89c22985e049d?s=96&d=mm&r=g\",\"caption\":\"admin\"},\"sameAs\":[\"https:\/\/venti.net.pl\/blog\"],\"url\":\"https:\/\/venti.net.pl\/blog\/author\/admin\/\"}]}<\/script>\n<!-- \/ Yoast SEO plugin. -->","yoast_head_json":{"title":"Gdzie mo\u017cna z powodzeniem zastosowa\u0107 pod\u015bwietlane lustro?","description":"Pod\u015bwietlane lustra to nie tylko funkcjonalny dodatek, ale tak\u017ce designerski element dekoracyjny. W jakich pomieszczeniach mo\u017cna wykorzysta\u0107 ich potencja\u0142?","robots":{"index":"index","follow":"follow","max-snippet":"max-snippet:-1","max-image-preview":"max-image-preview:large","max-video-preview":"max-video-preview:-1"},"canonical":"https:\/\/venti.net.pl\/blog\/nie-tylko-do-lazienki-gdzie-jeszcze-sprawdzi-sie-podswietlane-lustro\/","og_locale":"pl_PL","og_type":"article","og_title":"Gdzie mo\u017cna z powodzeniem zastosowa\u0107 pod\u015bwietlane lustro?","og_description":"Pod\u015bwietlane lustra to nie tylko funkcjonalny dodatek, ale tak\u017ce designerski element dekoracyjny. W jakich pomieszczeniach mo\u017cna wykorzysta\u0107 ich potencja\u0142?","og_url":"https:\/\/venti.net.pl\/blog\/nie-tylko-do-lazienki-gdzie-jeszcze-sprawdzi-sie-podswietlane-lustro\/","og_site_name":"Venti","article_published_time":"2023-06-13T16:34:35+00:00","article_modified_time":"2023-06-30T16:38:45+00:00","og_image":[{"width":727,"height":484,"url":"https:\/\/venti.net.pl\/blog\/wp-content\/uploads\/2023\/06\/lustro-z-oswietleniem.jpg","type":"image\/jpeg"}],"author":"admin","twitter_card":"summary_large_image","twitter_misc":{"Napisane przez":"admin","Szacowany czas czytania":"1 minuta"},"schema":{"@context":"https:\/\/schema.org","@graph":[{"@type":"WebPage","@id":"https:\/\/venti.net.pl\/blog\/nie-tylko-do-lazienki-gdzie-jeszcze-sprawdzi-sie-podswietlane-lustro\/","url":"https:\/\/venti.net.pl\/blog\/nie-tylko-do-lazienki-gdzie-jeszcze-sprawdzi-sie-podswietlane-lustro\/","name":"Gdzie mo\u017cna z powodzeniem zastosowa\u0107 pod\u015bwietlane lustro?","isPartOf":{"@id":"https:\/\/venti.net.pl\/blog\/#website"},"datePublished":"2023-06-13T16:34:35+00:00","dateModified":"2023-06-30T16:38:45+00:00","author":{"@id":"https:\/\/venti.net.pl\/blog\/#\/schema\/person\/8b34fa19ed46553ce1af73e0b5848be7"},"description":"Pod\u015bwietlane lustra to nie tylko funkcjonalny dodatek, ale tak\u017ce designerski element dekoracyjny. W jakich pomieszczeniach mo\u017cna wykorzysta\u0107 ich potencja\u0142?","breadcrumb":{"@id":"https:\/\/venti.net.pl\/blog\/nie-tylko-do-lazienki-gdzie-jeszcze-sprawdzi-sie-podswietlane-lustro\/#breadcrumb"},"inLanguage":"pl-PL","potentialAction":[{"@type":"ReadAction","target":["https:\/\/venti.net.pl\/blog\/nie-tylko-do-lazienki-gdzie-jeszcze-sprawdzi-sie-podswietlane-lustro\/"]}]},{"@type":"BreadcrumbList","@id":"https:\/\/venti.net.pl\/blog\/nie-tylko-do-lazienki-gdzie-jeszcze-sprawdzi-sie-podswietlane-lustro\/#breadcrumb","itemListElement":[{"@type":"ListItem","position":1,"name":"Strona g\u0142\u00f3wna","item":"https:\/\/venti.net.pl\/blog\/"},{"@type":"ListItem","position":2,"name":"Nie tylko do \u0142azienki. Gdzie jeszcze sprawdzi si\u0119 pod\u015bwietlane lustro?"}]},{"@type":"WebSite","@id":"https:\/\/venti.net.pl\/blog\/#website","url":"https:\/\/venti.net.pl\/blog\/","name":"Venti","description":"","potentialAction":[{"@type":"SearchAction","target":{"@type":"EntryPoint","urlTemplate":"https:\/\/venti.net.pl\/blog\/?s={search_term_string}"},"query-input":"required name=search_term_string"}],"inLanguage":"pl-PL"},{"@type":"Person","@id":"https:\/\/venti.net.pl\/blog\/#\/schema\/person\/8b34fa19ed46553ce1af73e0b5848be7","name":"admin","image":{"@type":"ImageObject","inLanguage":"pl-PL","@id":"https:\/\/venti.net.pl\/blog\/#\/schema\/person\/image\/","url":"https:\/\/secure.gravatar.com\/avatar\/8ba90f968bb31cbecf6444ed388f8c5bd5d9803a1e56d3674bd89c22985e049d?s=96&d=mm&r=g","contentUrl":"https:\/\/secure.gravatar.com\/avatar\/8ba90f968bb31cbecf6444ed388f8c5bd5d9803a1e56d3674bd89c22985e049d?s=96&d=mm&r=g","caption":"admin"},"sameAs":["https:\/\/venti.net.pl\/blog"],"url":"https:\/\/venti.net.pl\/blog\/author\/admin\/"}]}},"_links":{"self":[{"href":"https:\/\/venti.net.pl\/blog\/wp-json\/wp\/v2\/posts\/41","targetHints":{"allow":["GET"]}}],"collection":[{"href":"https:\/\/venti.net.pl\/blog\/wp-json\/wp\/v2\/posts"}],"about":[{"href":"https:\/\/venti.net.pl\/blog\/wp-json\/wp\/v2\/types\/post"}],"author":[{"embeddable":true,"href":"https:\/\/venti.net.pl\/blog\/wp-json\/wp\/v2\/users\/1"}],"replies":[{"embeddable":true,"href":"https:\/\/venti.net.pl\/blog\/wp-json\/wp\/v2\/comments?post=41"}],"version-history":[{"count":1,"href":"https:\/\/venti.net.pl\/blog\/wp-json\/wp\/v2\/posts\/41\/revisions"}],"predecessor-version":[{"id":43,"href":"https:\/\/venti.net.pl\/blog\/wp-json\/wp\/v2\/posts\/41\/revisions\/43"}],"wp:featuredmedia":[{"embeddable":true,"href":"https:\/\/venti.net.pl\/blog\/wp-json\/wp\/v2\/media\/42"}],"wp:attachment":[{"href":"https:\/\/venti.net.pl\/blog\/wp-json\/wp\/v2\/media?parent=41"}],"wp:term":[{"taxonomy":"category","embeddable":true,"href":"https:\/\/venti.net.pl\/blog\/wp-json\/wp\/v2\/categories?post=41"},{"taxonomy":"post_tag","embeddable":true,"href":"https:\/\/venti.net.pl\/blog\/wp-json\/wp\/v2\/tags?post=41"}],"curies":[{"name":"wp","href":"https:\/\/api.w.org\/{rel}","templated":true}]}}