{"id":54,"date":"2023-09-11T09:56:29","date_gmt":"2023-09-11T07:56:29","guid":{"rendered":"https:\/\/venti.net.pl\/blog\/?p=54"},"modified":"2023-09-21T10:02:38","modified_gmt":"2023-09-21T08:02:38","slug":"jak-zaprojektowac-oswietlenie-w-lazience","status":"publish","type":"post","link":"https:\/\/venti.net.pl\/blog\/jak-zaprojektowac-oswietlenie-w-lazience\/","title":{"rendered":"Jak zaprojektowa\u0107 o\u015bwietlenie w \u0142azience?"},"content":{"rendered":"\n<p>Projektowanie o\u015bwietlenia w \u0142azience to wyzwanie, kt\u00f3re mo\u017ce wp\u0142yn\u0105\u0107 na funkcjonalno\u015b\u0107 i estetyk\u0119 ca\u0142ego pomieszczenia. W\u0142a\u015bciwie dobrana ilo\u015b\u0107 oraz rodzaj \u015bwiat\u0142a potrafi zmieni\u0107 \u0142azienk\u0119 z ciemnej, nieprzyjaznej przestrzeni w jasne i przytulne miejsce.<\/p>\n\n\n\n<!--more-->\n\n\n\n<p>Zanim przyst\u0105pimy do wyboru konkretnych lamp czy \u017car\u00f3wek, warto zastanowi\u0107 si\u0119 nad potrzebami o\u015bwietleniowymi naszej \u0142azienki. Wa\u017cne jest, by uwzgl\u0119dni\u0107 zar\u00f3wno o\u015bwietlenie funkcjonalne, jak i dekoracyjne. <strong>O\u015bwietlenie funkcjonalne skupia si\u0119 na u\u0142atwieniu wykonywania codziennych czynno\u015bci, takich jak mycie twarzy czy golenie<\/strong>. Sprawdza si\u0119 tutaj g\u0142\u00f3wnie jasne, r\u00f3wnomierne \u015bwiat\u0142o, kt\u00f3re nie odbija si\u0119 na lustrze lub innych powierzchniach. O\u015bwietlenie dekoracyjne ma natomiast za zadanie <strong>podkre\u015bli\u0107 walory estetyczne \u0142azienki<\/strong> i nada\u0107 jej przytulnego klimatu.<\/p>\n\n\n\n<h2 class=\"wp-block-heading\">Wyb\u00f3r odpowiedniej temperatury barwowej<\/h2>\n\n\n\n<p>Temperatura barwowa \u015bwiat\u0142a ma ogromny wp\u0142yw na postrzeganie ca\u0142ego wn\u0119trza. <strong>W \u0142azience warto zastosowa\u0107 \u015bwiat\u0142o o neutralnej temperaturze barwowej (oko\u0142o 4000 Kelvin\u00f3w)<\/strong>, kt\u00f3re zapewni nam prawdziwe odwzorowanie kolor\u00f3w i jest przyjazne dla oczu. Warto jednak pami\u0119ta\u0107, \u017ce w r\u00f3\u017cnych cz\u0119\u015bciach \u0142azienki mo\u017cemy zastosowa\u0107 \u015bwiat\u0142o o innej temperaturze barwowej, w zale\u017cno\u015bci od naszych potrzeb i upodoba\u0144.<\/p>\n\n\n\n<p>Wybieraj\u0105c \u017ar\u00f3d\u0142a \u015bwiat\u0142a, <strong>warto postawi\u0107 na energooszcz\u0119dne \u017car\u00f3wki, takie jak LED czy CFL<\/strong> (kompaktowe \u015bwietl\u00f3wki fluorescencyjne), kt\u00f3re zu\u017cywaj\u0105 znacznie mniej energii od tradycyjnych \u017car\u00f3wek. Oszcz\u0119dno\u015b\u0107 energetyczna przek\u0142ada si\u0119 nie tylko na ni\u017csze rachunki za energi\u0119 elektryczn\u0105, ale tak\u017ce na mniejszy wp\u0142yw na \u015brodowisko.<\/p>\n\n\n\n<h2 class=\"wp-block-heading\">O\u015bwietlenie funkcjonalne i dekoracyjne<\/h2>\n\n\n\n<p>Lustro to kluczowy element ka\u017cdej \u0142azienki, dlatego warto zadba\u0107 o odpowiednie o\u015bwietlenie w jego okolicy. Optymalnym rozwi\u0105zaniem jest umieszczenie lamp po obu stronach lustra lub zakup <a href=\"https:\/\/venti.net.pl\/produkty.php?typ=podswietlane\">lustra pod\u015bwietlanego<\/a>, co zapewni r\u00f3wnomierne rozproszenie \u015bwiat\u0142a na twarzy podczas wykonywania codziennych czynno\u015bci. <strong>Dobrze sprawdz\u0105 si\u0119 tutaj tak\u017ce lampy LED zamontowane na g\u00f3rze lustra lub listwy LEDowe ustawione wok\u00f3\u0142 ca\u0142ego lustra<\/strong>.<\/p>\n\n\n\n<p>Dodatkowo warto pomy\u015ble\u0107 nad o\u015bwietleniem nastrojowym, kt\u00f3re pozwoli nam w pe\u0142ni zrelaksowa\u0107 si\u0119 podczas k\u0105pieli lub prysznica. Mo\u017cemy zastosowa\u0107 tutaj <strong>lampy \u015bcienne o cieplejszej temperaturze barwowej<\/strong>, a tak\u017ce \u015bwiat\u0142a LED zamontowane pod p\u00f3\u0142kami czy szafkami.<\/p>\n","protected":false},"excerpt":{"rendered":"<p>Projektowanie o\u015bwietlenia w \u0142azience to wyzwanie, kt\u00f3re mo\u017ce wp\u0142yn\u0105\u0107 na funkcjonalno\u015b\u0107 i estetyk\u0119 ca\u0142ego pomieszczenia. W\u0142a\u015bciwie dobrana ilo\u015b\u0107 oraz rodzaj \u015bwiat\u0142a potrafi zmieni\u0107 \u0142azienk\u0119 z ciemnej, nieprzyjaznej przestrzeni w jasne i przytulne miejsce.<\/p>\n","protected":false},"author":1,"featured_media":55,"comment_status":"open","ping_status":"open","sticky":false,"template":"","format":"standard","meta":{"footnotes":""},"categories":[1],"tags":[],"class_list":["post-54","post","type-post","status-publish","format-standard","has-post-thumbnail","hentry","category-bez-kategorii"],"yoast_head":"<!-- This site is optimized with the Yoast SEO plugin v19.13 - https:\/\/yoast.com\/wordpress\/plugins\/seo\/ -->\n<title>Wybieramy o\u015bwietlenie do \u0142azienki. Na co warto zwr\u00f3ci\u0107 uwag\u0119?<\/title>\n<meta name=\"description\" content=\"Urz\u0105dzasz \u0142azienk\u0119 i jeste\u015b na etapie wyboru o\u015bwietlenia? Nie wiesz, co warto wybra\u0107? Poznaj kluczowe zagadnienia zwi\u0105zane z projektowaniem o\u015bwietlenia w \u0142azience.\" \/>\n<meta name=\"robots\" content=\"index, follow, max-snippet:-1, max-image-preview:large, max-video-preview:-1\" \/>\n<link rel=\"canonical\" href=\"https:\/\/venti.net.pl\/blog\/jak-zaprojektowac-oswietlenie-w-lazience\/\" \/>\n<meta property=\"og:locale\" content=\"pl_PL\" \/>\n<meta property=\"og:type\" content=\"article\" \/>\n<meta property=\"og:title\" content=\"Wybieramy o\u015bwietlenie do \u0142azienki. Na co warto zwr\u00f3ci\u0107 uwag\u0119?\" \/>\n<meta property=\"og:description\" content=\"Urz\u0105dzasz \u0142azienk\u0119 i jeste\u015b na etapie wyboru o\u015bwietlenia? Nie wiesz, co warto wybra\u0107? Poznaj kluczowe zagadnienia zwi\u0105zane z projektowaniem o\u015bwietlenia w \u0142azience.\" \/>\n<meta property=\"og:url\" content=\"https:\/\/venti.net.pl\/blog\/jak-zaprojektowac-oswietlenie-w-lazience\/\" \/>\n<meta property=\"og:site_name\" content=\"Venti\" \/>\n<meta property=\"article:published_time\" content=\"2023-09-11T07:56:29+00:00\" \/>\n<meta property=\"article:modified_time\" content=\"2023-09-21T08:02:38+00:00\" \/>\n<meta property=\"og:image\" content=\"https:\/\/venti.net.pl\/blog\/wp-content\/uploads\/2023\/09\/nowoczesna-oswietlona-lazienka.jpg\" \/>\n\t<meta property=\"og:image:width\" content=\"1000\" \/>\n\t<meta property=\"og:image:height\" content=\"666\" \/>\n\t<meta property=\"og:image:type\" content=\"image\/jpeg\" \/>\n<meta name=\"author\" content=\"admin\" \/>\n<meta name=\"twitter:card\" content=\"summary_large_image\" \/>\n<meta name=\"twitter:label1\" content=\"Napisane przez\" \/>\n\t<meta name=\"twitter:data1\" content=\"admin\" \/>\n\t<meta name=\"twitter:label2\" content=\"Szacowany czas czytania\" \/>\n\t<meta name=\"twitter:data2\" content=\"2 minuty\" \/>\n<script type=\"application\/ld+json\" class=\"yoast-schema-graph\">{\"@context\":\"https:\/\/schema.org\",\"@graph\":[{\"@type\":\"WebPage\",\"@id\":\"https:\/\/venti.net.pl\/blog\/jak-zaprojektowac-oswietlenie-w-lazience\/\",\"url\":\"https:\/\/venti.net.pl\/blog\/jak-zaprojektowac-oswietlenie-w-lazience\/\",\"name\":\"Wybieramy o\u015bwietlenie do \u0142azienki. Na co warto zwr\u00f3ci\u0107 uwag\u0119?\",\"isPartOf\":{\"@id\":\"https:\/\/venti.net.pl\/blog\/#website\"},\"datePublished\":\"2023-09-11T07:56:29+00:00\",\"dateModified\":\"2023-09-21T08:02:38+00:00\",\"author\":{\"@id\":\"https:\/\/venti.net.pl\/blog\/#\/schema\/person\/8b34fa19ed46553ce1af73e0b5848be7\"},\"description\":\"Urz\u0105dzasz \u0142azienk\u0119 i jeste\u015b na etapie wyboru o\u015bwietlenia? Nie wiesz, co warto wybra\u0107? Poznaj kluczowe zagadnienia zwi\u0105zane z projektowaniem o\u015bwietlenia w \u0142azience.\",\"breadcrumb\":{\"@id\":\"https:\/\/venti.net.pl\/blog\/jak-zaprojektowac-oswietlenie-w-lazience\/#breadcrumb\"},\"inLanguage\":\"pl-PL\",\"potentialAction\":[{\"@type\":\"ReadAction\",\"target\":[\"https:\/\/venti.net.pl\/blog\/jak-zaprojektowac-oswietlenie-w-lazience\/\"]}]},{\"@type\":\"BreadcrumbList\",\"@id\":\"https:\/\/venti.net.pl\/blog\/jak-zaprojektowac-oswietlenie-w-lazience\/#breadcrumb\",\"itemListElement\":[{\"@type\":\"ListItem\",\"position\":1,\"name\":\"Strona g\u0142\u00f3wna\",\"item\":\"https:\/\/venti.net.pl\/blog\/\"},{\"@type\":\"ListItem\",\"position\":2,\"name\":\"Jak zaprojektowa\u0107 o\u015bwietlenie w \u0142azience?\"}]},{\"@type\":\"WebSite\",\"@id\":\"https:\/\/venti.net.pl\/blog\/#website\",\"url\":\"https:\/\/venti.net.pl\/blog\/\",\"name\":\"Venti\",\"description\":\"\",\"potentialAction\":[{\"@type\":\"SearchAction\",\"target\":{\"@type\":\"EntryPoint\",\"urlTemplate\":\"https:\/\/venti.net.pl\/blog\/?s={search_term_string}\"},\"query-input\":\"required name=search_term_string\"}],\"inLanguage\":\"pl-PL\"},{\"@type\":\"Person\",\"@id\":\"https:\/\/venti.net.pl\/blog\/#\/schema\/person\/8b34fa19ed46553ce1af73e0b5848be7\",\"name\":\"admin\",\"image\":{\"@type\":\"ImageObject\",\"inLanguage\":\"pl-PL\",\"@id\":\"https:\/\/venti.net.pl\/blog\/#\/schema\/person\/image\/\",\"url\":\"https:\/\/secure.gravatar.com\/avatar\/8ba90f968bb31cbecf6444ed388f8c5bd5d9803a1e56d3674bd89c22985e049d?s=96&d=mm&r=g\",\"contentUrl\":\"https:\/\/secure.gravatar.com\/avatar\/8ba90f968bb31cbecf6444ed388f8c5bd5d9803a1e56d3674bd89c22985e049d?s=96&d=mm&r=g\",\"caption\":\"admin\"},\"sameAs\":[\"https:\/\/venti.net.pl\/blog\"],\"url\":\"https:\/\/venti.net.pl\/blog\/author\/admin\/\"}]}<\/script>\n<!-- \/ Yoast SEO plugin. -->","yoast_head_json":{"title":"Wybieramy o\u015bwietlenie do \u0142azienki. Na co warto zwr\u00f3ci\u0107 uwag\u0119?","description":"Urz\u0105dzasz \u0142azienk\u0119 i jeste\u015b na etapie wyboru o\u015bwietlenia? Nie wiesz, co warto wybra\u0107? Poznaj kluczowe zagadnienia zwi\u0105zane z projektowaniem o\u015bwietlenia w \u0142azience.","robots":{"index":"index","follow":"follow","max-snippet":"max-snippet:-1","max-image-preview":"max-image-preview:large","max-video-preview":"max-video-preview:-1"},"canonical":"https:\/\/venti.net.pl\/blog\/jak-zaprojektowac-oswietlenie-w-lazience\/","og_locale":"pl_PL","og_type":"article","og_title":"Wybieramy o\u015bwietlenie do \u0142azienki. Na co warto zwr\u00f3ci\u0107 uwag\u0119?","og_description":"Urz\u0105dzasz \u0142azienk\u0119 i jeste\u015b na etapie wyboru o\u015bwietlenia? Nie wiesz, co warto wybra\u0107? Poznaj kluczowe zagadnienia zwi\u0105zane z projektowaniem o\u015bwietlenia w \u0142azience.","og_url":"https:\/\/venti.net.pl\/blog\/jak-zaprojektowac-oswietlenie-w-lazience\/","og_site_name":"Venti","article_published_time":"2023-09-11T07:56:29+00:00","article_modified_time":"2023-09-21T08:02:38+00:00","og_image":[{"width":1000,"height":666,"url":"https:\/\/venti.net.pl\/blog\/wp-content\/uploads\/2023\/09\/nowoczesna-oswietlona-lazienka.jpg","type":"image\/jpeg"}],"author":"admin","twitter_card":"summary_large_image","twitter_misc":{"Napisane przez":"admin","Szacowany czas czytania":"2 minuty"},"schema":{"@context":"https:\/\/schema.org","@graph":[{"@type":"WebPage","@id":"https:\/\/venti.net.pl\/blog\/jak-zaprojektowac-oswietlenie-w-lazience\/","url":"https:\/\/venti.net.pl\/blog\/jak-zaprojektowac-oswietlenie-w-lazience\/","name":"Wybieramy o\u015bwietlenie do \u0142azienki. Na co warto zwr\u00f3ci\u0107 uwag\u0119?","isPartOf":{"@id":"https:\/\/venti.net.pl\/blog\/#website"},"datePublished":"2023-09-11T07:56:29+00:00","dateModified":"2023-09-21T08:02:38+00:00","author":{"@id":"https:\/\/venti.net.pl\/blog\/#\/schema\/person\/8b34fa19ed46553ce1af73e0b5848be7"},"description":"Urz\u0105dzasz \u0142azienk\u0119 i jeste\u015b na etapie wyboru o\u015bwietlenia? Nie wiesz, co warto wybra\u0107? Poznaj kluczowe zagadnienia zwi\u0105zane z projektowaniem o\u015bwietlenia w \u0142azience.","breadcrumb":{"@id":"https:\/\/venti.net.pl\/blog\/jak-zaprojektowac-oswietlenie-w-lazience\/#breadcrumb"},"inLanguage":"pl-PL","potentialAction":[{"@type":"ReadAction","target":["https:\/\/venti.net.pl\/blog\/jak-zaprojektowac-oswietlenie-w-lazience\/"]}]},{"@type":"BreadcrumbList","@id":"https:\/\/venti.net.pl\/blog\/jak-zaprojektowac-oswietlenie-w-lazience\/#breadcrumb","itemListElement":[{"@type":"ListItem","position":1,"name":"Strona g\u0142\u00f3wna","item":"https:\/\/venti.net.pl\/blog\/"},{"@type":"ListItem","position":2,"name":"Jak zaprojektowa\u0107 o\u015bwietlenie w \u0142azience?"}]},{"@type":"WebSite","@id":"https:\/\/venti.net.pl\/blog\/#website","url":"https:\/\/venti.net.pl\/blog\/","name":"Venti","description":"","potentialAction":[{"@type":"SearchAction","target":{"@type":"EntryPoint","urlTemplate":"https:\/\/venti.net.pl\/blog\/?s={search_term_string}"},"query-input":"required name=search_term_string"}],"inLanguage":"pl-PL"},{"@type":"Person","@id":"https:\/\/venti.net.pl\/blog\/#\/schema\/person\/8b34fa19ed46553ce1af73e0b5848be7","name":"admin","image":{"@type":"ImageObject","inLanguage":"pl-PL","@id":"https:\/\/venti.net.pl\/blog\/#\/schema\/person\/image\/","url":"https:\/\/secure.gravatar.com\/avatar\/8ba90f968bb31cbecf6444ed388f8c5bd5d9803a1e56d3674bd89c22985e049d?s=96&d=mm&r=g","contentUrl":"https:\/\/secure.gravatar.com\/avatar\/8ba90f968bb31cbecf6444ed388f8c5bd5d9803a1e56d3674bd89c22985e049d?s=96&d=mm&r=g","caption":"admin"},"sameAs":["https:\/\/venti.net.pl\/blog"],"url":"https:\/\/venti.net.pl\/blog\/author\/admin\/"}]}},"_links":{"self":[{"href":"https:\/\/venti.net.pl\/blog\/wp-json\/wp\/v2\/posts\/54","targetHints":{"allow":["GET"]}}],"collection":[{"href":"https:\/\/venti.net.pl\/blog\/wp-json\/wp\/v2\/posts"}],"about":[{"href":"https:\/\/venti.net.pl\/blog\/wp-json\/wp\/v2\/types\/post"}],"author":[{"embeddable":true,"href":"https:\/\/venti.net.pl\/blog\/wp-json\/wp\/v2\/users\/1"}],"replies":[{"embeddable":true,"href":"https:\/\/venti.net.pl\/blog\/wp-json\/wp\/v2\/comments?post=54"}],"version-history":[{"count":1,"href":"https:\/\/venti.net.pl\/blog\/wp-json\/wp\/v2\/posts\/54\/revisions"}],"predecessor-version":[{"id":56,"href":"https:\/\/venti.net.pl\/blog\/wp-json\/wp\/v2\/posts\/54\/revisions\/56"}],"wp:featuredmedia":[{"embeddable":true,"href":"https:\/\/venti.net.pl\/blog\/wp-json\/wp\/v2\/media\/55"}],"wp:attachment":[{"href":"https:\/\/venti.net.pl\/blog\/wp-json\/wp\/v2\/media?parent=54"}],"wp:term":[{"taxonomy":"category","embeddable":true,"href":"https:\/\/venti.net.pl\/blog\/wp-json\/wp\/v2\/categories?post=54"},{"taxonomy":"post_tag","embeddable":true,"href":"https:\/\/venti.net.pl\/blog\/wp-json\/wp\/v2\/tags?post=54"}],"curies":[{"name":"wp","href":"https:\/\/api.w.org\/{rel}","templated":true}]}}