{"id":66,"date":"2024-03-22T19:15:11","date_gmt":"2024-03-22T18:15:11","guid":{"rendered":"https:\/\/venti.net.pl\/blog\/?p=66"},"modified":"2024-03-31T19:19:56","modified_gmt":"2024-03-31T17:19:56","slug":"jakie-lustra-sa-teraz-w-modzie","status":"publish","type":"post","link":"https:\/\/venti.net.pl\/blog\/jakie-lustra-sa-teraz-w-modzie\/","title":{"rendered":"Jakie lustra s\u0105 teraz w modzie?"},"content":{"rendered":"\n<p>Lustra od dawna pe\u0142ni\u0105 nie tylko funkcj\u0119 praktyczn\u0105, ale r\u00f3wnie\u017c stanowi\u0105 wa\u017cny element dekoracyjny wn\u0119trz. W ostatnich latach projektanci coraz \u015bmielej eksperymentuj\u0105 z form\u0105, kszta\u0142tem oraz materia\u0142ami, tworz\u0105c niezwyk\u0142e dzie\u0142a sztuki, kt\u00f3re wprowadzaj\u0105 do naszych dom\u00f3w niepowtarzalny klimat. W 2024 roku mo\u017cemy zaobserwowa\u0107 kilka interesuj\u0105cych trend\u00f3w, kt\u00f3re z pewno\u015bci\u0105 zainspiruj\u0105 mi\u0142o\u015bnik\u00f3w pi\u0119knych i funkcjonalnych wn\u0119trz.<\/p>\n\n\n\n<!--more-->\n\n\n\n<h2 class=\"wp-block-heading\">Lustra geometryczne \u2013 prostota i elegancja<\/h2>\n\n\n\n<p><strong>Jednym z najbardziej popularnych trend\u00f3w w 2024 roku s\u0105 lustra o geometrycznych kszta\u0142tach<\/strong>. Prostok\u0105ty, kwadraty, trapezy czy okr\u0119gi to tylko niekt\u00f3re z form, kt\u00f3re mo\u017cna spotka\u0107 w nowoczesnych projektach. <strong>Lustra te doskonale wpisuj\u0105 si\u0119 w minimalistyczne wn\u0119trza<\/strong>, podkre\u015blaj\u0105c ich prostot\u0119 i elegancj\u0119. Ponadto, umiej\u0119tne zestawienie kilku luster o r\u00f3\u017cnych kszta\u0142tach mo\u017ce stworzy\u0107 niezwykle efektown\u0105 kompozycj\u0119 na \u015bcianie.<\/p>\n\n\n\n<h2 class=\"wp-block-heading\">Lustra z efektem antycznym \u2013 powr\u00f3t do przesz\u0142o\u015bci<\/h2>\n\n\n\n<p>Kolejnym trendem, kt\u00f3ry zyskuje coraz wi\u0119ksz\u0105 popularno\u015b\u0107, s\u0105 <strong>lustra z efektem antycznym<\/strong>. Charakteryzuj\u0105 si\u0119 one subtelnym, starannym postarzaniem powierzchni, kt\u00f3re nadaje im niepowtarzalnego uroku. <strong>Lustra te doskonale wpisuj\u0105 si\u0119 w styl vintage czy shabby chic<\/strong>, a tak\u017ce stanowi\u0105 ciekawy kontrast w nowoczesnych wn\u0119trzach.&nbsp;<\/p>\n\n\n\n<h2 class=\"wp-block-heading\">Lustra okr\u0105g\u0142e \u2013 uniwersalno\u015b\u0107 i harmonia<\/h2>\n\n\n\n<p><strong>Okr\u0105g\u0142e lustra to klasyka, kt\u00f3ra nigdy nie wychodzi z mody<\/strong>. W 2024 roku r\u00f3wnie\u017c ciesz\u0105 si\u0119 du\u017cym uznaniem, zw\u0142aszcza <a href=\"https:\/\/venti.net.pl\/lustra.php\">lustra na wymiar<\/a> o du\u017cych rozmiarach. <strong>Lustra te wprowadzaj\u0105 do wn\u0119trza harmoni\u0119 i r\u00f3wnowag\u0119<\/strong>, a ich uniwersalno\u015b\u0107 sprawia, \u017ce pasuj\u0105 do praktycznie ka\u017cdego stylu. Szczeg\u00f3lnie modne s\u0105 lustra z cienkimi metalowymi ramami lub bez ramek, kt\u00f3re wprowadzaj\u0105 lekko\u015b\u0107 i przestrze\u0144 do pomieszcze\u0144.<\/p>\n\n\n\n<h2 class=\"wp-block-heading\">Lustra z o\u015bwietleniem \u2013 funkcjonalno\u015b\u0107 i nowoczesno\u015b\u0107<\/h2>\n\n\n\n<p><strong>Coraz wi\u0119ksz\u0105 popularno\u015b\u0107 zdobywaj\u0105 r\u00f3wnie\u017c lustra z wbudowanym o\u015bwietleniem<\/strong>. To praktyczne rozwi\u0105zanie, kt\u00f3re sprawdza si\u0119 szczeg\u00f3lnie w \u0142azienkach, sypialniach czy garderobach. O\u015bwietlenie LED mo\u017ce by\u0107 zamontowane zar\u00f3wno na obwodzie lustra, jak i na jego tylnej stronie, tworz\u0105c efektowne halo \u015bwiat\u0142a. <strong>Lustra te \u0142\u0105cz\u0105 w sobie funkcjonalno\u015b\u0107 z nowoczesnym designem<\/strong>, wprowadzaj\u0105c do wn\u0119trza przytulny i relaksuj\u0105cy nastr\u00f3j.<\/p>\n","protected":false},"excerpt":{"rendered":"<p>Lustra od dawna pe\u0142ni\u0105 nie tylko funkcj\u0119 praktyczn\u0105, ale r\u00f3wnie\u017c stanowi\u0105 wa\u017cny element dekoracyjny wn\u0119trz. W ostatnich latach projektanci coraz \u015bmielej eksperymentuj\u0105 z form\u0105, kszta\u0142tem oraz materia\u0142ami, tworz\u0105c niezwyk\u0142e dzie\u0142a sztuki, kt\u00f3re wprowadzaj\u0105 do naszych dom\u00f3w niepowtarzalny klimat. W 2024 roku mo\u017cemy zaobserwowa\u0107 kilka interesuj\u0105cych trend\u00f3w, kt\u00f3re z pewno\u015bci\u0105 zainspiruj\u0105 mi\u0142o\u015bnik\u00f3w pi\u0119knych i funkcjonalnych wn\u0119trz.<\/p>\n","protected":false},"author":1,"featured_media":67,"comment_status":"open","ping_status":"open","sticky":false,"template":"","format":"standard","meta":{"footnotes":""},"categories":[1],"tags":[],"class_list":["post-66","post","type-post","status-publish","format-standard","has-post-thumbnail","hentry","category-bez-kategorii"],"yoast_head":"<!-- This site is optimized with the Yoast SEO plugin v19.13 - https:\/\/yoast.com\/wordpress\/plugins\/seo\/ -->\n<title>Modne lustra, czyli jakie? Przegl\u0105d najnowszych trend\u00f3w<\/title>\n<meta name=\"description\" content=\"Lustra w 2024 roku to nie tylko praktyczne elementy wyposa\u017cenia wn\u0119trz, ale tak\u017ce wyrazisty akcent dekoracyjny. Poznaj trendy, kt\u00f3re b\u0119d\u0105 na czasie w tym roku!\" \/>\n<meta name=\"robots\" content=\"index, follow, max-snippet:-1, max-image-preview:large, max-video-preview:-1\" \/>\n<link rel=\"canonical\" href=\"https:\/\/venti.net.pl\/blog\/jakie-lustra-sa-teraz-w-modzie\/\" \/>\n<meta property=\"og:locale\" content=\"pl_PL\" \/>\n<meta property=\"og:type\" content=\"article\" \/>\n<meta property=\"og:title\" content=\"Modne lustra, czyli jakie? Przegl\u0105d najnowszych trend\u00f3w\" \/>\n<meta property=\"og:description\" content=\"Lustra w 2024 roku to nie tylko praktyczne elementy wyposa\u017cenia wn\u0119trz, ale tak\u017ce wyrazisty akcent dekoracyjny. Poznaj trendy, kt\u00f3re b\u0119d\u0105 na czasie w tym roku!\" \/>\n<meta property=\"og:url\" content=\"https:\/\/venti.net.pl\/blog\/jakie-lustra-sa-teraz-w-modzie\/\" \/>\n<meta property=\"og:site_name\" content=\"Venti\" \/>\n<meta property=\"article:published_time\" content=\"2024-03-22T18:15:11+00:00\" \/>\n<meta property=\"article:modified_time\" content=\"2024-03-31T17:19:56+00:00\" \/>\n<meta property=\"og:image\" content=\"https:\/\/venti.net.pl\/blog\/wp-content\/uploads\/2024\/03\/wnetrze-z-owalnym-lusrem-w-drewnianej-oprawie.webp\" \/>\n\t<meta property=\"og:image:width\" content=\"1360\" \/>\n\t<meta property=\"og:image:height\" content=\"907\" \/>\n\t<meta property=\"og:image:type\" content=\"image\/webp\" \/>\n<meta name=\"author\" content=\"admin\" \/>\n<meta name=\"twitter:card\" content=\"summary_large_image\" \/>\n<meta name=\"twitter:label1\" content=\"Napisane przez\" \/>\n\t<meta name=\"twitter:data1\" content=\"admin\" \/>\n\t<meta name=\"twitter:label2\" content=\"Szacowany czas czytania\" \/>\n\t<meta name=\"twitter:data2\" content=\"2 minuty\" \/>\n<script type=\"application\/ld+json\" class=\"yoast-schema-graph\">{\"@context\":\"https:\/\/schema.org\",\"@graph\":[{\"@type\":\"WebPage\",\"@id\":\"https:\/\/venti.net.pl\/blog\/jakie-lustra-sa-teraz-w-modzie\/\",\"url\":\"https:\/\/venti.net.pl\/blog\/jakie-lustra-sa-teraz-w-modzie\/\",\"name\":\"Modne lustra, czyli jakie? Przegl\u0105d najnowszych trend\u00f3w\",\"isPartOf\":{\"@id\":\"https:\/\/venti.net.pl\/blog\/#website\"},\"datePublished\":\"2024-03-22T18:15:11+00:00\",\"dateModified\":\"2024-03-31T17:19:56+00:00\",\"author\":{\"@id\":\"https:\/\/venti.net.pl\/blog\/#\/schema\/person\/8b34fa19ed46553ce1af73e0b5848be7\"},\"description\":\"Lustra w 2024 roku to nie tylko praktyczne elementy wyposa\u017cenia wn\u0119trz, ale tak\u017ce wyrazisty akcent dekoracyjny. Poznaj trendy, kt\u00f3re b\u0119d\u0105 na czasie w tym roku!\",\"breadcrumb\":{\"@id\":\"https:\/\/venti.net.pl\/blog\/jakie-lustra-sa-teraz-w-modzie\/#breadcrumb\"},\"inLanguage\":\"pl-PL\",\"potentialAction\":[{\"@type\":\"ReadAction\",\"target\":[\"https:\/\/venti.net.pl\/blog\/jakie-lustra-sa-teraz-w-modzie\/\"]}]},{\"@type\":\"BreadcrumbList\",\"@id\":\"https:\/\/venti.net.pl\/blog\/jakie-lustra-sa-teraz-w-modzie\/#breadcrumb\",\"itemListElement\":[{\"@type\":\"ListItem\",\"position\":1,\"name\":\"Strona g\u0142\u00f3wna\",\"item\":\"https:\/\/venti.net.pl\/blog\/\"},{\"@type\":\"ListItem\",\"position\":2,\"name\":\"Jakie lustra s\u0105 teraz w modzie?\"}]},{\"@type\":\"WebSite\",\"@id\":\"https:\/\/venti.net.pl\/blog\/#website\",\"url\":\"https:\/\/venti.net.pl\/blog\/\",\"name\":\"Venti\",\"description\":\"\",\"potentialAction\":[{\"@type\":\"SearchAction\",\"target\":{\"@type\":\"EntryPoint\",\"urlTemplate\":\"https:\/\/venti.net.pl\/blog\/?s={search_term_string}\"},\"query-input\":\"required name=search_term_string\"}],\"inLanguage\":\"pl-PL\"},{\"@type\":\"Person\",\"@id\":\"https:\/\/venti.net.pl\/blog\/#\/schema\/person\/8b34fa19ed46553ce1af73e0b5848be7\",\"name\":\"admin\",\"image\":{\"@type\":\"ImageObject\",\"inLanguage\":\"pl-PL\",\"@id\":\"https:\/\/venti.net.pl\/blog\/#\/schema\/person\/image\/\",\"url\":\"https:\/\/secure.gravatar.com\/avatar\/8ba90f968bb31cbecf6444ed388f8c5bd5d9803a1e56d3674bd89c22985e049d?s=96&d=mm&r=g\",\"contentUrl\":\"https:\/\/secure.gravatar.com\/avatar\/8ba90f968bb31cbecf6444ed388f8c5bd5d9803a1e56d3674bd89c22985e049d?s=96&d=mm&r=g\",\"caption\":\"admin\"},\"sameAs\":[\"https:\/\/venti.net.pl\/blog\"],\"url\":\"https:\/\/venti.net.pl\/blog\/author\/admin\/\"}]}<\/script>\n<!-- \/ Yoast SEO plugin. -->","yoast_head_json":{"title":"Modne lustra, czyli jakie? Przegl\u0105d najnowszych trend\u00f3w","description":"Lustra w 2024 roku to nie tylko praktyczne elementy wyposa\u017cenia wn\u0119trz, ale tak\u017ce wyrazisty akcent dekoracyjny. Poznaj trendy, kt\u00f3re b\u0119d\u0105 na czasie w tym roku!","robots":{"index":"index","follow":"follow","max-snippet":"max-snippet:-1","max-image-preview":"max-image-preview:large","max-video-preview":"max-video-preview:-1"},"canonical":"https:\/\/venti.net.pl\/blog\/jakie-lustra-sa-teraz-w-modzie\/","og_locale":"pl_PL","og_type":"article","og_title":"Modne lustra, czyli jakie? Przegl\u0105d najnowszych trend\u00f3w","og_description":"Lustra w 2024 roku to nie tylko praktyczne elementy wyposa\u017cenia wn\u0119trz, ale tak\u017ce wyrazisty akcent dekoracyjny. Poznaj trendy, kt\u00f3re b\u0119d\u0105 na czasie w tym roku!","og_url":"https:\/\/venti.net.pl\/blog\/jakie-lustra-sa-teraz-w-modzie\/","og_site_name":"Venti","article_published_time":"2024-03-22T18:15:11+00:00","article_modified_time":"2024-03-31T17:19:56+00:00","og_image":[{"width":1360,"height":907,"url":"https:\/\/venti.net.pl\/blog\/wp-content\/uploads\/2024\/03\/wnetrze-z-owalnym-lusrem-w-drewnianej-oprawie.webp","type":"image\/webp"}],"author":"admin","twitter_card":"summary_large_image","twitter_misc":{"Napisane przez":"admin","Szacowany czas czytania":"2 minuty"},"schema":{"@context":"https:\/\/schema.org","@graph":[{"@type":"WebPage","@id":"https:\/\/venti.net.pl\/blog\/jakie-lustra-sa-teraz-w-modzie\/","url":"https:\/\/venti.net.pl\/blog\/jakie-lustra-sa-teraz-w-modzie\/","name":"Modne lustra, czyli jakie? Przegl\u0105d najnowszych trend\u00f3w","isPartOf":{"@id":"https:\/\/venti.net.pl\/blog\/#website"},"datePublished":"2024-03-22T18:15:11+00:00","dateModified":"2024-03-31T17:19:56+00:00","author":{"@id":"https:\/\/venti.net.pl\/blog\/#\/schema\/person\/8b34fa19ed46553ce1af73e0b5848be7"},"description":"Lustra w 2024 roku to nie tylko praktyczne elementy wyposa\u017cenia wn\u0119trz, ale tak\u017ce wyrazisty akcent dekoracyjny. Poznaj trendy, kt\u00f3re b\u0119d\u0105 na czasie w tym roku!","breadcrumb":{"@id":"https:\/\/venti.net.pl\/blog\/jakie-lustra-sa-teraz-w-modzie\/#breadcrumb"},"inLanguage":"pl-PL","potentialAction":[{"@type":"ReadAction","target":["https:\/\/venti.net.pl\/blog\/jakie-lustra-sa-teraz-w-modzie\/"]}]},{"@type":"BreadcrumbList","@id":"https:\/\/venti.net.pl\/blog\/jakie-lustra-sa-teraz-w-modzie\/#breadcrumb","itemListElement":[{"@type":"ListItem","position":1,"name":"Strona g\u0142\u00f3wna","item":"https:\/\/venti.net.pl\/blog\/"},{"@type":"ListItem","position":2,"name":"Jakie lustra s\u0105 teraz w modzie?"}]},{"@type":"WebSite","@id":"https:\/\/venti.net.pl\/blog\/#website","url":"https:\/\/venti.net.pl\/blog\/","name":"Venti","description":"","potentialAction":[{"@type":"SearchAction","target":{"@type":"EntryPoint","urlTemplate":"https:\/\/venti.net.pl\/blog\/?s={search_term_string}"},"query-input":"required name=search_term_string"}],"inLanguage":"pl-PL"},{"@type":"Person","@id":"https:\/\/venti.net.pl\/blog\/#\/schema\/person\/8b34fa19ed46553ce1af73e0b5848be7","name":"admin","image":{"@type":"ImageObject","inLanguage":"pl-PL","@id":"https:\/\/venti.net.pl\/blog\/#\/schema\/person\/image\/","url":"https:\/\/secure.gravatar.com\/avatar\/8ba90f968bb31cbecf6444ed388f8c5bd5d9803a1e56d3674bd89c22985e049d?s=96&d=mm&r=g","contentUrl":"https:\/\/secure.gravatar.com\/avatar\/8ba90f968bb31cbecf6444ed388f8c5bd5d9803a1e56d3674bd89c22985e049d?s=96&d=mm&r=g","caption":"admin"},"sameAs":["https:\/\/venti.net.pl\/blog"],"url":"https:\/\/venti.net.pl\/blog\/author\/admin\/"}]}},"_links":{"self":[{"href":"https:\/\/venti.net.pl\/blog\/wp-json\/wp\/v2\/posts\/66","targetHints":{"allow":["GET"]}}],"collection":[{"href":"https:\/\/venti.net.pl\/blog\/wp-json\/wp\/v2\/posts"}],"about":[{"href":"https:\/\/venti.net.pl\/blog\/wp-json\/wp\/v2\/types\/post"}],"author":[{"embeddable":true,"href":"https:\/\/venti.net.pl\/blog\/wp-json\/wp\/v2\/users\/1"}],"replies":[{"embeddable":true,"href":"https:\/\/venti.net.pl\/blog\/wp-json\/wp\/v2\/comments?post=66"}],"version-history":[{"count":1,"href":"https:\/\/venti.net.pl\/blog\/wp-json\/wp\/v2\/posts\/66\/revisions"}],"predecessor-version":[{"id":68,"href":"https:\/\/venti.net.pl\/blog\/wp-json\/wp\/v2\/posts\/66\/revisions\/68"}],"wp:featuredmedia":[{"embeddable":true,"href":"https:\/\/venti.net.pl\/blog\/wp-json\/wp\/v2\/media\/67"}],"wp:attachment":[{"href":"https:\/\/venti.net.pl\/blog\/wp-json\/wp\/v2\/media?parent=66"}],"wp:term":[{"taxonomy":"category","embeddable":true,"href":"https:\/\/venti.net.pl\/blog\/wp-json\/wp\/v2\/categories?post=66"},{"taxonomy":"post_tag","embeddable":true,"href":"https:\/\/venti.net.pl\/blog\/wp-json\/wp\/v2\/tags?post=66"}],"curies":[{"name":"wp","href":"https:\/\/api.w.org\/{rel}","templated":true}]}}