{"id":78,"date":"2024-06-03T10:23:12","date_gmt":"2024-06-03T08:23:12","guid":{"rendered":"https:\/\/venti.net.pl\/blog\/?p=78"},"modified":"2024-06-07T10:26:40","modified_gmt":"2024-06-07T08:26:40","slug":"przed-jakimi-lustrami-dobrze-robi-sie-makijaz","status":"publish","type":"post","link":"https:\/\/venti.net.pl\/blog\/przed-jakimi-lustrami-dobrze-robi-sie-makijaz\/","title":{"rendered":"Przed jakimi lustrami dobrze robi si\u0119 makija\u017c?"},"content":{"rendered":"\n<p>W dzisiejszych czasach wyb\u00f3r odpowiedniego lustra do robienia makija\u017cu mo\u017ce by\u0107 kluczowy dla osi\u0105gni\u0119cia perfekcyjnego wygl\u0105du, ale te\u017c zapewnienia sobie odpowiedniego komfortu i wygody podczas codziennego szykowania si\u0119 do wyj\u015bcia. Lustra pod\u015bwietlane zdobywaj\u0105 na tym polu coraz wi\u0119ksz\u0105 popularno\u015b\u0107, a ich zalety przekonuj\u0105 nie tylko profesjonalist\u00f3w, ale tak\u017ce amator\u00f3w sztuki makija\u017cu.<\/p>\n\n\n\n<!--more-->\n\n\n\n<h2 class=\"wp-block-heading\">R\u00f3wnomierne o\u015bwietlenie twarzy<\/h2>\n\n\n\n<p>Jednym z najwa\u017cniejszych aspekt\u00f3w, kt\u00f3ry wp\u0142ywa na jako\u015b\u0107 wykonywanego makija\u017cu, jest r\u00f3wnomierne o\u015bwietlenie twarzy. <strong>Lustra pod\u015bwietlane zapewniaj\u0105 w\u0142a\u015bnie takie o\u015bwietlenie, eliminuj\u0105c cienie i u\u0142atwiaj\u0105c precyzyjne nak\u0142adanie kosmetyk\u00f3w<\/strong>. Dzi\u0119ki temu mo\u017cemy unikn\u0105\u0107 nier\u00f3wnomiernie roz\u0142o\u017conego podk\u0142adu czy zbyt mocno na\u0142o\u017conego r\u00f3\u017cu, a tak\u017ce nie jeste\u015bmy uzale\u017cnieni od k\u0105ta padania \u015bwiat\u0142a s\u0142onecznego czy te\u017c niedostatecznego o\u015bwietlenia sufitowego.<\/p>\n\n\n\n<h2 class=\"wp-block-heading\">Dostosowanie nat\u0119\u017cenia \u015bwiat\u0142a<\/h2>\n\n\n\n<p>Lustra pod\u015bwietlane cz\u0119sto posiadaj\u0105 funkcj\u0119 regulacji nat\u0119\u017cenia \u015bwiat\u0142a, co pozwala dostosowa\u0107 je do indywidualnych potrzeb u\u017cytkownika. <strong>Dzi\u0119ki temu mo\u017cliwe jest na przyk\u0142ad ustawienie delikatniejszego o\u015bwietlenia <\/strong>podczas wieczornego makija\u017cu czy intensywniejszego \u015bwiat\u0142a do precyzyjnego wykonania kresek eyelinerem.<\/p>\n\n\n\n<h2 class=\"wp-block-heading\">Optymalna temperatura barwowa<\/h2>\n\n\n\n<p>Odpowiednia temperatura barwowa \u015bwiat\u0142a ma kluczowe znaczenie dla prawid\u0142owego odbioru kolor\u00f3w. <a href=\"https:\/\/venti.net.pl\/produkty.php?typ=podswietlane\">Lustra pod\u015bwietlane<\/a> zazwyczaj wykorzystuj\u0105 <strong>\u015bwiat\u0142o o temperaturze zbli\u017conej do naturalnego<\/strong>, co pozwala na dok\u0142adne rozpoznanie kolor\u00f3w kosmetyk\u00f3w i ich w\u0142a\u015bciwe dobranie do cery. W ten spos\u00f3b unikamy sytuacji, gdy makija\u017c wygl\u0105da inaczej w \u015bwietle dziennym ni\u017c w sztucznym o\u015bwietleniu.<\/p>\n\n\n\n<h2 class=\"wp-block-heading\">Zwi\u0119kszenie komfortu pracy<\/h2>\n\n\n\n<p>Lustra pod\u015bwietlane zwi\u0119kszaj\u0105 komfort pracy, zw\u0142aszcza gdy mamy do czynienia z niewielkimi przestrzeniami lub ograniczonym dost\u0119pem do naturalnego \u015bwiat\u0142a. <strong>Dzi\u0119ki wbudowanemu o\u015bwietleniu nie musimy martwi\u0107 si\u0119 o dodatkowe \u017ar\u00f3d\u0142a \u015bwiat\u0142a<\/strong>, co pozwala zaoszcz\u0119dzi\u0107 miejsce i czas potrzebny na przygotowanie stanowiska do makija\u017cu.<\/p>\n\n\n\n<h2 class=\"wp-block-heading\">Estetyka i funkcjonalno\u015b\u0107 w jednym<\/h2>\n\n\n\n<p>Warto przy tym pami\u0119ta\u0107, \u017ce lustra pod\u015bwietlane nie tylko spe\u0142niaj\u0105 swoj\u0105 praktyczn\u0105 funkcj\u0119, ale r\u00f3wnie\u017c stanowi\u0105 atrakcyjny element wystroju wn\u0119trza. Nowoczesne wzornictwo i r\u00f3\u017cnorodno\u015b\u0107 dost\u0119pnych modeli sprawiaj\u0105, \u017ce <strong>ka\u017cdy mo\u017ce znale\u017a\u0107 lustro idealnie pasuj\u0105ce do swojego stylu i upodoba\u0144<\/strong>. Ponadto elementy te mog\u0105 by\u0107 r\u00f3wnie\u017c wykorzystane jako dekoracyjne \u017ar\u00f3d\u0142o \u015bwiat\u0142a w pomieszczeniu.<\/p>\n\n\n\n<h2 class=\"wp-block-heading\">Oszcz\u0119dno\u015b\u0107 energii i zdrowie oczu<\/h2>\n\n\n\n<p>Wiele modeli luster pod\u015bwietlanych wykorzystuje <strong>energooszcz\u0119dne \u017ar\u00f3d\u0142a \u015bwiat\u0142a, takie jak diody LED<\/strong>. Dzi\u0119ki temu mo\u017cemy cieszy\u0107 si\u0119 jasnym i r\u00f3wnomiernym o\u015bwietleniem twarzy, jednocze\u015bnie dbaj\u0105c o \u015brodowisko i oszcz\u0119dzaj\u0105c na rachunkach za pr\u0105d.<\/p>\n\n\n\n<p>Innym wa\u017cnym aspektem, kt\u00f3ry warto wzi\u0105\u0107 pod uwag\u0119 przy wyborze lustra do makija\u017cu, jest zdrowie naszych oczu. <strong>R\u00f3wnomierne i odpowiednio dobrane \u015bwiat\u0142o mo\u017ce przyczyni\u0107 si\u0119 do zmniejszenia zm\u0119czenia wzroku<\/strong> podczas d\u0142ugotrwa\u0142ego wykonywania makija\u017cu czy innych zabieg\u00f3w kosmetycznych. Dlatego inwestycja w lustra pod\u015bwietlane mo\u017ce by\u0107 r\u00f3wnie\u017c korzystna dla naszego zdrowia.<\/p>\n","protected":false},"excerpt":{"rendered":"<p>W dzisiejszych czasach wyb\u00f3r odpowiedniego lustra do robienia makija\u017cu mo\u017ce by\u0107 kluczowy dla osi\u0105gni\u0119cia perfekcyjnego wygl\u0105du, ale te\u017c zapewnienia sobie odpowiedniego komfortu i wygody podczas codziennego szykowania si\u0119 do wyj\u015bcia. Lustra pod\u015bwietlane zdobywaj\u0105 na tym polu coraz wi\u0119ksz\u0105 popularno\u015b\u0107, a ich zalety przekonuj\u0105 nie tylko profesjonalist\u00f3w, ale tak\u017ce amator\u00f3w sztuki makija\u017cu.<\/p>\n","protected":false},"author":1,"featured_media":79,"comment_status":"open","ping_status":"open","sticky":false,"template":"","format":"standard","meta":{"footnotes":""},"categories":[1],"tags":[],"class_list":["post-78","post","type-post","status-publish","format-standard","has-post-thumbnail","hentry","category-bez-kategorii"],"yoast_head":"<!-- This site is optimized with the Yoast SEO plugin v19.13 - https:\/\/yoast.com\/wordpress\/plugins\/seo\/ -->\n<title>Jakie lustro najlepiej wybra\u0107 do codziennego robienia makija\u017cu?<\/title>\n<meta name=\"description\" content=\"Codzienne wykonywanie makija\u017cu wymaga odpowiedniego, wygodnego i dobrze o\u015bwietlonego stanowiska. Zobacz w artykule, jakie lustro sprawdzi si\u0119 do tego najlepiej!\" \/>\n<meta name=\"robots\" content=\"index, follow, max-snippet:-1, max-image-preview:large, max-video-preview:-1\" \/>\n<link rel=\"canonical\" href=\"https:\/\/venti.net.pl\/blog\/przed-jakimi-lustrami-dobrze-robi-sie-makijaz\/\" \/>\n<meta property=\"og:locale\" content=\"pl_PL\" \/>\n<meta property=\"og:type\" content=\"article\" \/>\n<meta property=\"og:title\" content=\"Jakie lustro najlepiej wybra\u0107 do codziennego robienia makija\u017cu?\" \/>\n<meta property=\"og:description\" content=\"Codzienne wykonywanie makija\u017cu wymaga odpowiedniego, wygodnego i dobrze o\u015bwietlonego stanowiska. Zobacz w artykule, jakie lustro sprawdzi si\u0119 do tego najlepiej!\" \/>\n<meta property=\"og:url\" content=\"https:\/\/venti.net.pl\/blog\/przed-jakimi-lustrami-dobrze-robi-sie-makijaz\/\" \/>\n<meta property=\"og:site_name\" content=\"Venti\" \/>\n<meta property=\"article:published_time\" content=\"2024-06-03T08:23:12+00:00\" \/>\n<meta property=\"article:modified_time\" content=\"2024-06-07T08:26:40+00:00\" \/>\n<meta property=\"og:image\" content=\"https:\/\/venti.net.pl\/blog\/wp-content\/uploads\/2024\/06\/kobieta-wykonujaca-makijaz-przed-lustrem.webp\" \/>\n\t<meta property=\"og:image:width\" content=\"1360\" \/>\n\t<meta property=\"og:image:height\" content=\"907\" \/>\n\t<meta property=\"og:image:type\" content=\"image\/webp\" \/>\n<meta name=\"author\" content=\"admin\" \/>\n<meta name=\"twitter:card\" content=\"summary_large_image\" \/>\n<meta name=\"twitter:label1\" content=\"Napisane przez\" \/>\n\t<meta name=\"twitter:data1\" content=\"admin\" \/>\n\t<meta name=\"twitter:label2\" content=\"Szacowany czas czytania\" \/>\n\t<meta name=\"twitter:data2\" content=\"3 minuty\" \/>\n<script type=\"application\/ld+json\" class=\"yoast-schema-graph\">{\"@context\":\"https:\/\/schema.org\",\"@graph\":[{\"@type\":\"WebPage\",\"@id\":\"https:\/\/venti.net.pl\/blog\/przed-jakimi-lustrami-dobrze-robi-sie-makijaz\/\",\"url\":\"https:\/\/venti.net.pl\/blog\/przed-jakimi-lustrami-dobrze-robi-sie-makijaz\/\",\"name\":\"Jakie lustro najlepiej wybra\u0107 do codziennego robienia makija\u017cu?\",\"isPartOf\":{\"@id\":\"https:\/\/venti.net.pl\/blog\/#website\"},\"datePublished\":\"2024-06-03T08:23:12+00:00\",\"dateModified\":\"2024-06-07T08:26:40+00:00\",\"author\":{\"@id\":\"https:\/\/venti.net.pl\/blog\/#\/schema\/person\/8b34fa19ed46553ce1af73e0b5848be7\"},\"description\":\"Codzienne wykonywanie makija\u017cu wymaga odpowiedniego, wygodnego i dobrze o\u015bwietlonego stanowiska. Zobacz w artykule, jakie lustro sprawdzi si\u0119 do tego najlepiej!\",\"breadcrumb\":{\"@id\":\"https:\/\/venti.net.pl\/blog\/przed-jakimi-lustrami-dobrze-robi-sie-makijaz\/#breadcrumb\"},\"inLanguage\":\"pl-PL\",\"potentialAction\":[{\"@type\":\"ReadAction\",\"target\":[\"https:\/\/venti.net.pl\/blog\/przed-jakimi-lustrami-dobrze-robi-sie-makijaz\/\"]}]},{\"@type\":\"BreadcrumbList\",\"@id\":\"https:\/\/venti.net.pl\/blog\/przed-jakimi-lustrami-dobrze-robi-sie-makijaz\/#breadcrumb\",\"itemListElement\":[{\"@type\":\"ListItem\",\"position\":1,\"name\":\"Strona g\u0142\u00f3wna\",\"item\":\"https:\/\/venti.net.pl\/blog\/\"},{\"@type\":\"ListItem\",\"position\":2,\"name\":\"Przed jakimi lustrami dobrze robi si\u0119 makija\u017c?\"}]},{\"@type\":\"WebSite\",\"@id\":\"https:\/\/venti.net.pl\/blog\/#website\",\"url\":\"https:\/\/venti.net.pl\/blog\/\",\"name\":\"Venti\",\"description\":\"\",\"potentialAction\":[{\"@type\":\"SearchAction\",\"target\":{\"@type\":\"EntryPoint\",\"urlTemplate\":\"https:\/\/venti.net.pl\/blog\/?s={search_term_string}\"},\"query-input\":\"required name=search_term_string\"}],\"inLanguage\":\"pl-PL\"},{\"@type\":\"Person\",\"@id\":\"https:\/\/venti.net.pl\/blog\/#\/schema\/person\/8b34fa19ed46553ce1af73e0b5848be7\",\"name\":\"admin\",\"image\":{\"@type\":\"ImageObject\",\"inLanguage\":\"pl-PL\",\"@id\":\"https:\/\/venti.net.pl\/blog\/#\/schema\/person\/image\/\",\"url\":\"https:\/\/secure.gravatar.com\/avatar\/8ba90f968bb31cbecf6444ed388f8c5bd5d9803a1e56d3674bd89c22985e049d?s=96&d=mm&r=g\",\"contentUrl\":\"https:\/\/secure.gravatar.com\/avatar\/8ba90f968bb31cbecf6444ed388f8c5bd5d9803a1e56d3674bd89c22985e049d?s=96&d=mm&r=g\",\"caption\":\"admin\"},\"sameAs\":[\"https:\/\/venti.net.pl\/blog\"],\"url\":\"https:\/\/venti.net.pl\/blog\/author\/admin\/\"}]}<\/script>\n<!-- \/ Yoast SEO plugin. -->","yoast_head_json":{"title":"Jakie lustro najlepiej wybra\u0107 do codziennego robienia makija\u017cu?","description":"Codzienne wykonywanie makija\u017cu wymaga odpowiedniego, wygodnego i dobrze o\u015bwietlonego stanowiska. Zobacz w artykule, jakie lustro sprawdzi si\u0119 do tego najlepiej!","robots":{"index":"index","follow":"follow","max-snippet":"max-snippet:-1","max-image-preview":"max-image-preview:large","max-video-preview":"max-video-preview:-1"},"canonical":"https:\/\/venti.net.pl\/blog\/przed-jakimi-lustrami-dobrze-robi-sie-makijaz\/","og_locale":"pl_PL","og_type":"article","og_title":"Jakie lustro najlepiej wybra\u0107 do codziennego robienia makija\u017cu?","og_description":"Codzienne wykonywanie makija\u017cu wymaga odpowiedniego, wygodnego i dobrze o\u015bwietlonego stanowiska. Zobacz w artykule, jakie lustro sprawdzi si\u0119 do tego najlepiej!","og_url":"https:\/\/venti.net.pl\/blog\/przed-jakimi-lustrami-dobrze-robi-sie-makijaz\/","og_site_name":"Venti","article_published_time":"2024-06-03T08:23:12+00:00","article_modified_time":"2024-06-07T08:26:40+00:00","og_image":[{"width":1360,"height":907,"url":"https:\/\/venti.net.pl\/blog\/wp-content\/uploads\/2024\/06\/kobieta-wykonujaca-makijaz-przed-lustrem.webp","type":"image\/webp"}],"author":"admin","twitter_card":"summary_large_image","twitter_misc":{"Napisane przez":"admin","Szacowany czas czytania":"3 minuty"},"schema":{"@context":"https:\/\/schema.org","@graph":[{"@type":"WebPage","@id":"https:\/\/venti.net.pl\/blog\/przed-jakimi-lustrami-dobrze-robi-sie-makijaz\/","url":"https:\/\/venti.net.pl\/blog\/przed-jakimi-lustrami-dobrze-robi-sie-makijaz\/","name":"Jakie lustro najlepiej wybra\u0107 do codziennego robienia makija\u017cu?","isPartOf":{"@id":"https:\/\/venti.net.pl\/blog\/#website"},"datePublished":"2024-06-03T08:23:12+00:00","dateModified":"2024-06-07T08:26:40+00:00","author":{"@id":"https:\/\/venti.net.pl\/blog\/#\/schema\/person\/8b34fa19ed46553ce1af73e0b5848be7"},"description":"Codzienne wykonywanie makija\u017cu wymaga odpowiedniego, wygodnego i dobrze o\u015bwietlonego stanowiska. Zobacz w artykule, jakie lustro sprawdzi si\u0119 do tego najlepiej!","breadcrumb":{"@id":"https:\/\/venti.net.pl\/blog\/przed-jakimi-lustrami-dobrze-robi-sie-makijaz\/#breadcrumb"},"inLanguage":"pl-PL","potentialAction":[{"@type":"ReadAction","target":["https:\/\/venti.net.pl\/blog\/przed-jakimi-lustrami-dobrze-robi-sie-makijaz\/"]}]},{"@type":"BreadcrumbList","@id":"https:\/\/venti.net.pl\/blog\/przed-jakimi-lustrami-dobrze-robi-sie-makijaz\/#breadcrumb","itemListElement":[{"@type":"ListItem","position":1,"name":"Strona g\u0142\u00f3wna","item":"https:\/\/venti.net.pl\/blog\/"},{"@type":"ListItem","position":2,"name":"Przed jakimi lustrami dobrze robi si\u0119 makija\u017c?"}]},{"@type":"WebSite","@id":"https:\/\/venti.net.pl\/blog\/#website","url":"https:\/\/venti.net.pl\/blog\/","name":"Venti","description":"","potentialAction":[{"@type":"SearchAction","target":{"@type":"EntryPoint","urlTemplate":"https:\/\/venti.net.pl\/blog\/?s={search_term_string}"},"query-input":"required name=search_term_string"}],"inLanguage":"pl-PL"},{"@type":"Person","@id":"https:\/\/venti.net.pl\/blog\/#\/schema\/person\/8b34fa19ed46553ce1af73e0b5848be7","name":"admin","image":{"@type":"ImageObject","inLanguage":"pl-PL","@id":"https:\/\/venti.net.pl\/blog\/#\/schema\/person\/image\/","url":"https:\/\/secure.gravatar.com\/avatar\/8ba90f968bb31cbecf6444ed388f8c5bd5d9803a1e56d3674bd89c22985e049d?s=96&d=mm&r=g","contentUrl":"https:\/\/secure.gravatar.com\/avatar\/8ba90f968bb31cbecf6444ed388f8c5bd5d9803a1e56d3674bd89c22985e049d?s=96&d=mm&r=g","caption":"admin"},"sameAs":["https:\/\/venti.net.pl\/blog"],"url":"https:\/\/venti.net.pl\/blog\/author\/admin\/"}]}},"_links":{"self":[{"href":"https:\/\/venti.net.pl\/blog\/wp-json\/wp\/v2\/posts\/78","targetHints":{"allow":["GET"]}}],"collection":[{"href":"https:\/\/venti.net.pl\/blog\/wp-json\/wp\/v2\/posts"}],"about":[{"href":"https:\/\/venti.net.pl\/blog\/wp-json\/wp\/v2\/types\/post"}],"author":[{"embeddable":true,"href":"https:\/\/venti.net.pl\/blog\/wp-json\/wp\/v2\/users\/1"}],"replies":[{"embeddable":true,"href":"https:\/\/venti.net.pl\/blog\/wp-json\/wp\/v2\/comments?post=78"}],"version-history":[{"count":1,"href":"https:\/\/venti.net.pl\/blog\/wp-json\/wp\/v2\/posts\/78\/revisions"}],"predecessor-version":[{"id":80,"href":"https:\/\/venti.net.pl\/blog\/wp-json\/wp\/v2\/posts\/78\/revisions\/80"}],"wp:featuredmedia":[{"embeddable":true,"href":"https:\/\/venti.net.pl\/blog\/wp-json\/wp\/v2\/media\/79"}],"wp:attachment":[{"href":"https:\/\/venti.net.pl\/blog\/wp-json\/wp\/v2\/media?parent=78"}],"wp:term":[{"taxonomy":"category","embeddable":true,"href":"https:\/\/venti.net.pl\/blog\/wp-json\/wp\/v2\/categories?post=78"},{"taxonomy":"post_tag","embeddable":true,"href":"https:\/\/venti.net.pl\/blog\/wp-json\/wp\/v2\/tags?post=78"}],"curies":[{"name":"wp","href":"https:\/\/api.w.org\/{rel}","templated":true}]}}