{"id":97,"date":"2024-08-20T15:25:57","date_gmt":"2024-08-20T13:25:57","guid":{"rendered":"https:\/\/venti.net.pl\/blog\/?p=97"},"modified":"2024-09-01T15:31:09","modified_gmt":"2024-09-01T13:31:09","slug":"jak-prawidlowo-dobrac-wymiary-lustra","status":"publish","type":"post","link":"https:\/\/venti.net.pl\/blog\/jak-prawidlowo-dobrac-wymiary-lustra\/","title":{"rendered":"Jak prawid\u0142owo dobra\u0107 wymiary lustra?"},"content":{"rendered":"\n<p>Wyb\u00f3r odpowiednich wymiar\u00f3w lustra to kluczowy element w procesie aran\u017cacji wn\u0119trz. Adekwatnie dobrany rozmiar mo\u017ce wp\u0142yn\u0105\u0107 na optyczne powi\u0119kszenie przestrzeni, a tak\u017ce estetyk\u0119 ca\u0142ego pomieszczenia. Z artyku\u0142u dowiesz si\u0119, jak prawid\u0142owo okre\u015bli\u0107 i dopasowa\u0107 wymiary lustra do swojego wn\u0119trza, uwzgl\u0119dniaj\u0105c r\u00f3\u017cne aspekty, takie jak cel i funkcja lustra, wielko\u015b\u0107 i proporcje pomieszczenia, kszta\u0142t lustra czy zasady proporcji.<\/p>\n\n\n\n<!--more-->\n\n\n\n<h2 class=\"wp-block-heading\">Rozwa\u017canie celu i funkcji lustra<\/h2>\n\n\n\n<p>Zanim zdecydujesz si\u0119 na zakup lustra, warto zastanowi\u0107 si\u0119 nad jego celem i funkcj\u0105 w danym pomieszczeniu. <strong>Lustra mog\u0105 pe\u0142ni\u0107 r\u00f3\u017cne role \u2013 od praktycznych, takich jak pomoc w codziennych czynno\u015bciach, po dekoracyjne<\/strong>, kt\u00f3re maj\u0105 na celu ozdobienie wn\u0119trza. W zale\u017cno\u015bci od tego, jak\u0105 funkcj\u0119 ma spe\u0142nia\u0107 lustro, b\u0119dziemy musieli dopasowa\u0107 jego rozmiar oraz kszta\u0142t do potrzeb u\u017cytkownik\u00f3w oraz charakterystyki pomieszczenia. Pami\u0119tajmy r\u00f3wnie\u017c o tym, \u017ce <strong>lustro mo\u017ce wp\u0142ywa\u0107 na atmosfer\u0119 wn\u0119trza<\/strong> \u2013 na przyk\u0142ad, du\u017ce lustro mo\u017ce sprawi\u0107, \u017ce pomieszczenie b\u0119dzie wydawa\u0107 si\u0119 bardziej eleganckie i przestronne.<\/p>\n\n\n\n<h2 class=\"wp-block-heading\">Ocena wielko\u015bci i proporcji pomieszczenia<\/h2>\n\n\n\n<p>Aby prawid\u0142owo okre\u015bli\u0107 wymiary lustra, nale\u017cy dok\u0142adnie oceni\u0107 wielko\u015b\u0107 i proporcje pomieszczenia, w kt\u00f3rym ma si\u0119 ono znale\u017a\u0107. <strong>Warto zwr\u00f3ci\u0107 uwag\u0119 na wysoko\u015b\u0107 \u015bcian, szeroko\u015b\u0107 mebli oraz odleg\u0142o\u015bci mi\u0119dzy nimi<\/strong>. Dzi\u0119ki temu unikniemy sytuacji, w kt\u00f3rej lustro b\u0119dzie zbyt ma\u0142e lub zbyt du\u017ce w stosunku do reszty wn\u0119trza.<\/p>\n\n\n\n<p>Wa\u017cne jest r\u00f3wnie\u017c, aby uwzgl\u0119dni\u0107 przestrze\u0144 potrzebn\u0105 do swobodnego korzystania z lustra \u2013 na przyk\u0142ad, je\u015bli planujemy umie\u015bci\u0107 lustro w sypialni, <strong>musimy upewni\u0107 si\u0119, \u017ce b\u0119dziemy mieli wystarczaj\u0105co du\u017co miejsca do ubierania si\u0119 <\/strong>czy uk\u0142adania w\u0142os\u00f3w.<\/p>\n\n\n\n<h2 class=\"wp-block-heading\">Wyb\u00f3r odpowiedniego kszta\u0142tu lustra<\/h2>\n\n\n\n<p>Kszta\u0142t <a href=\"https:\/\/venti.net.pl\/produkty.php?typ=standardowe\">lustra<\/a> r\u00f3wnie\u017c ma znaczenie przy wyborze jego wymiar\u00f3w. W zale\u017cno\u015bci od aran\u017cacji wn\u0119trza oraz osobistych preferencji, <strong>mo\u017cemy wybra\u0107 mi\u0119dzy prostok\u0105tnymi, kwadratowymi, okr\u0105g\u0142ymi czy owalnymi lustrami<\/strong>. Ka\u017cdy z tych kszta\u0142t\u00f3w b\u0119dzie wp\u0142ywa\u0142 na odbi\u00f3r przestrzeni w inny spos\u00f3b \u2013 np. okr\u0105g\u0142e i owalne lustra dodaj\u0105 lekko\u015bci i dynamiki, podczas gdy prostok\u0105tne i kwadratowe wprowadzaj\u0105 \u0142ad i porz\u0105dek.<\/p>\n\n\n\n<p>Warto r\u00f3wnie\u017c zwr\u00f3ci\u0107 uwag\u0119 na kszta\u0142ty wyst\u0119puj\u0105ce we wn\u0119trzu \u2013 <strong>je\u015bli dominuj\u0105 proste linie, lepiej zdecydowa\u0107 si\u0119 na prostok\u0105tne lub kwadratowe lustro<\/strong>, natomiast gdy mamy do czynienia z \u0142ukami czy falistymi elementami, okr\u0105g\u0142y lub owalny model b\u0119dzie bardziej odpowiedni.<\/p>\n\n\n\n<h2 class=\"wp-block-heading\">Zastosowanie zasady proporcji<\/h2>\n\n\n\n<p>Dopasowuj\u0105c wymiary lustra do wn\u0119trza, warto skorzysta\u0107 z uniwersalnej zasady proporcji \u2013 z\u0142otego podzia\u0142u. Stosuj\u0105c j\u0105, uzyskamy harmonijny i estetyczny efekt wizualny. <strong>Zgodnie z t\u0105 zasad\u0105, d\u0142ugo\u015b\u0107 lustra powinna wynosi\u0107 oko\u0142o 62% d\u0142ugo\u015bci \u015bciany, na kt\u00f3rej ma by\u0107 zawieszone<\/strong>. W praktyce oznacza to, \u017ce je\u015bli \u015bciana ma 2 metry szeroko\u015bci, lustro powinno mie\u0107 oko\u0142o 124 cm d\u0142ugo\u015bci. Oczywi\u015bcie, nie musimy trzyma\u0107 si\u0119 tej proporcji \u015blepo \u2013 wa\u017cne jest jednak, aby zachowa\u0107 pewien balans mi\u0119dzy wielko\u015bci\u0105 lustra a reszt\u0105 element\u00f3w we wn\u0119trzu.<\/p>\n","protected":false},"excerpt":{"rendered":"<p>Wyb\u00f3r odpowiednich wymiar\u00f3w lustra to kluczowy element w procesie aran\u017cacji wn\u0119trz. Adekwatnie dobrany rozmiar mo\u017ce wp\u0142yn\u0105\u0107 na optyczne powi\u0119kszenie przestrzeni, a tak\u017ce estetyk\u0119 ca\u0142ego pomieszczenia. Z artyku\u0142u dowiesz si\u0119, jak prawid\u0142owo okre\u015bli\u0107 i dopasowa\u0107 wymiary lustra do swojego wn\u0119trza, uwzgl\u0119dniaj\u0105c r\u00f3\u017cne aspekty, takie jak cel i funkcja lustra, wielko\u015b\u0107 i proporcje pomieszczenia, kszta\u0142t lustra czy [&hellip;]<\/p>\n","protected":false},"author":1,"featured_media":98,"comment_status":"open","ping_status":"open","sticky":false,"template":"","format":"standard","meta":{"footnotes":""},"categories":[1],"tags":[],"class_list":["post-97","post","type-post","status-publish","format-standard","has-post-thumbnail","hentry","category-bez-kategorii"],"yoast_head":"<!-- This site is optimized with the Yoast SEO plugin v19.13 - https:\/\/yoast.com\/wordpress\/plugins\/seo\/ -->\n<title>Co wzi\u0105\u0107 pod uwag\u0119 przy dopasowywaniu wielko\u015bci lustra w domu?<\/title>\n<meta name=\"description\" content=\"Je\u015bli chcesz, aby Twoje lustro mia\u0142o odpowiedni\u0105 wielko\u015b\u0107, dzi\u0119ki czemu b\u0119dzie praktyczne, a jednocze\u015bnie estetyczne, przeczytaj nasz artyku\u0142 na ten temat!\" \/>\n<meta name=\"robots\" content=\"index, follow, max-snippet:-1, max-image-preview:large, max-video-preview:-1\" \/>\n<link rel=\"canonical\" href=\"https:\/\/venti.net.pl\/blog\/jak-prawidlowo-dobrac-wymiary-lustra\/\" \/>\n<meta property=\"og:locale\" content=\"pl_PL\" \/>\n<meta property=\"og:type\" content=\"article\" \/>\n<meta property=\"og:title\" content=\"Co wzi\u0105\u0107 pod uwag\u0119 przy dopasowywaniu wielko\u015bci lustra w domu?\" \/>\n<meta property=\"og:description\" content=\"Je\u015bli chcesz, aby Twoje lustro mia\u0142o odpowiedni\u0105 wielko\u015b\u0107, dzi\u0119ki czemu b\u0119dzie praktyczne, a jednocze\u015bnie estetyczne, przeczytaj nasz artyku\u0142 na ten temat!\" \/>\n<meta property=\"og:url\" content=\"https:\/\/venti.net.pl\/blog\/jak-prawidlowo-dobrac-wymiary-lustra\/\" \/>\n<meta property=\"og:site_name\" content=\"Venti\" \/>\n<meta property=\"article:published_time\" content=\"2024-08-20T13:25:57+00:00\" \/>\n<meta property=\"article:modified_time\" content=\"2024-09-01T13:31:09+00:00\" \/>\n<meta property=\"og:image\" content=\"https:\/\/venti.net.pl\/blog\/wp-content\/uploads\/2024\/09\/trzy-lustra-roznej-wielkosci-na-scianie.webp\" \/>\n\t<meta property=\"og:image:width\" content=\"1360\" \/>\n\t<meta property=\"og:image:height\" content=\"907\" \/>\n\t<meta property=\"og:image:type\" content=\"image\/webp\" \/>\n<meta name=\"author\" content=\"admin\" \/>\n<meta name=\"twitter:card\" content=\"summary_large_image\" \/>\n<meta name=\"twitter:label1\" content=\"Napisane przez\" \/>\n\t<meta name=\"twitter:data1\" content=\"admin\" \/>\n\t<meta name=\"twitter:label2\" content=\"Szacowany czas czytania\" \/>\n\t<meta name=\"twitter:data2\" content=\"3 minuty\" \/>\n<script type=\"application\/ld+json\" class=\"yoast-schema-graph\">{\"@context\":\"https:\/\/schema.org\",\"@graph\":[{\"@type\":\"WebPage\",\"@id\":\"https:\/\/venti.net.pl\/blog\/jak-prawidlowo-dobrac-wymiary-lustra\/\",\"url\":\"https:\/\/venti.net.pl\/blog\/jak-prawidlowo-dobrac-wymiary-lustra\/\",\"name\":\"Co wzi\u0105\u0107 pod uwag\u0119 przy dopasowywaniu wielko\u015bci lustra w domu?\",\"isPartOf\":{\"@id\":\"https:\/\/venti.net.pl\/blog\/#website\"},\"datePublished\":\"2024-08-20T13:25:57+00:00\",\"dateModified\":\"2024-09-01T13:31:09+00:00\",\"author\":{\"@id\":\"https:\/\/venti.net.pl\/blog\/#\/schema\/person\/8b34fa19ed46553ce1af73e0b5848be7\"},\"description\":\"Je\u015bli chcesz, aby Twoje lustro mia\u0142o odpowiedni\u0105 wielko\u015b\u0107, dzi\u0119ki czemu b\u0119dzie praktyczne, a jednocze\u015bnie estetyczne, przeczytaj nasz artyku\u0142 na ten temat!\",\"breadcrumb\":{\"@id\":\"https:\/\/venti.net.pl\/blog\/jak-prawidlowo-dobrac-wymiary-lustra\/#breadcrumb\"},\"inLanguage\":\"pl-PL\",\"potentialAction\":[{\"@type\":\"ReadAction\",\"target\":[\"https:\/\/venti.net.pl\/blog\/jak-prawidlowo-dobrac-wymiary-lustra\/\"]}]},{\"@type\":\"BreadcrumbList\",\"@id\":\"https:\/\/venti.net.pl\/blog\/jak-prawidlowo-dobrac-wymiary-lustra\/#breadcrumb\",\"itemListElement\":[{\"@type\":\"ListItem\",\"position\":1,\"name\":\"Strona g\u0142\u00f3wna\",\"item\":\"https:\/\/venti.net.pl\/blog\/\"},{\"@type\":\"ListItem\",\"position\":2,\"name\":\"Jak prawid\u0142owo dobra\u0107 wymiary lustra?\"}]},{\"@type\":\"WebSite\",\"@id\":\"https:\/\/venti.net.pl\/blog\/#website\",\"url\":\"https:\/\/venti.net.pl\/blog\/\",\"name\":\"Venti\",\"description\":\"\",\"potentialAction\":[{\"@type\":\"SearchAction\",\"target\":{\"@type\":\"EntryPoint\",\"urlTemplate\":\"https:\/\/venti.net.pl\/blog\/?s={search_term_string}\"},\"query-input\":\"required name=search_term_string\"}],\"inLanguage\":\"pl-PL\"},{\"@type\":\"Person\",\"@id\":\"https:\/\/venti.net.pl\/blog\/#\/schema\/person\/8b34fa19ed46553ce1af73e0b5848be7\",\"name\":\"admin\",\"image\":{\"@type\":\"ImageObject\",\"inLanguage\":\"pl-PL\",\"@id\":\"https:\/\/venti.net.pl\/blog\/#\/schema\/person\/image\/\",\"url\":\"https:\/\/secure.gravatar.com\/avatar\/8ba90f968bb31cbecf6444ed388f8c5bd5d9803a1e56d3674bd89c22985e049d?s=96&d=mm&r=g\",\"contentUrl\":\"https:\/\/secure.gravatar.com\/avatar\/8ba90f968bb31cbecf6444ed388f8c5bd5d9803a1e56d3674bd89c22985e049d?s=96&d=mm&r=g\",\"caption\":\"admin\"},\"sameAs\":[\"https:\/\/venti.net.pl\/blog\"],\"url\":\"https:\/\/venti.net.pl\/blog\/author\/admin\/\"}]}<\/script>\n<!-- \/ Yoast SEO plugin. -->","yoast_head_json":{"title":"Co wzi\u0105\u0107 pod uwag\u0119 przy dopasowywaniu wielko\u015bci lustra w domu?","description":"Je\u015bli chcesz, aby Twoje lustro mia\u0142o odpowiedni\u0105 wielko\u015b\u0107, dzi\u0119ki czemu b\u0119dzie praktyczne, a jednocze\u015bnie estetyczne, przeczytaj nasz artyku\u0142 na ten temat!","robots":{"index":"index","follow":"follow","max-snippet":"max-snippet:-1","max-image-preview":"max-image-preview:large","max-video-preview":"max-video-preview:-1"},"canonical":"https:\/\/venti.net.pl\/blog\/jak-prawidlowo-dobrac-wymiary-lustra\/","og_locale":"pl_PL","og_type":"article","og_title":"Co wzi\u0105\u0107 pod uwag\u0119 przy dopasowywaniu wielko\u015bci lustra w domu?","og_description":"Je\u015bli chcesz, aby Twoje lustro mia\u0142o odpowiedni\u0105 wielko\u015b\u0107, dzi\u0119ki czemu b\u0119dzie praktyczne, a jednocze\u015bnie estetyczne, przeczytaj nasz artyku\u0142 na ten temat!","og_url":"https:\/\/venti.net.pl\/blog\/jak-prawidlowo-dobrac-wymiary-lustra\/","og_site_name":"Venti","article_published_time":"2024-08-20T13:25:57+00:00","article_modified_time":"2024-09-01T13:31:09+00:00","og_image":[{"width":1360,"height":907,"url":"https:\/\/venti.net.pl\/blog\/wp-content\/uploads\/2024\/09\/trzy-lustra-roznej-wielkosci-na-scianie.webp","type":"image\/webp"}],"author":"admin","twitter_card":"summary_large_image","twitter_misc":{"Napisane przez":"admin","Szacowany czas czytania":"3 minuty"},"schema":{"@context":"https:\/\/schema.org","@graph":[{"@type":"WebPage","@id":"https:\/\/venti.net.pl\/blog\/jak-prawidlowo-dobrac-wymiary-lustra\/","url":"https:\/\/venti.net.pl\/blog\/jak-prawidlowo-dobrac-wymiary-lustra\/","name":"Co wzi\u0105\u0107 pod uwag\u0119 przy dopasowywaniu wielko\u015bci lustra w domu?","isPartOf":{"@id":"https:\/\/venti.net.pl\/blog\/#website"},"datePublished":"2024-08-20T13:25:57+00:00","dateModified":"2024-09-01T13:31:09+00:00","author":{"@id":"https:\/\/venti.net.pl\/blog\/#\/schema\/person\/8b34fa19ed46553ce1af73e0b5848be7"},"description":"Je\u015bli chcesz, aby Twoje lustro mia\u0142o odpowiedni\u0105 wielko\u015b\u0107, dzi\u0119ki czemu b\u0119dzie praktyczne, a jednocze\u015bnie estetyczne, przeczytaj nasz artyku\u0142 na ten temat!","breadcrumb":{"@id":"https:\/\/venti.net.pl\/blog\/jak-prawidlowo-dobrac-wymiary-lustra\/#breadcrumb"},"inLanguage":"pl-PL","potentialAction":[{"@type":"ReadAction","target":["https:\/\/venti.net.pl\/blog\/jak-prawidlowo-dobrac-wymiary-lustra\/"]}]},{"@type":"BreadcrumbList","@id":"https:\/\/venti.net.pl\/blog\/jak-prawidlowo-dobrac-wymiary-lustra\/#breadcrumb","itemListElement":[{"@type":"ListItem","position":1,"name":"Strona g\u0142\u00f3wna","item":"https:\/\/venti.net.pl\/blog\/"},{"@type":"ListItem","position":2,"name":"Jak prawid\u0142owo dobra\u0107 wymiary lustra?"}]},{"@type":"WebSite","@id":"https:\/\/venti.net.pl\/blog\/#website","url":"https:\/\/venti.net.pl\/blog\/","name":"Venti","description":"","potentialAction":[{"@type":"SearchAction","target":{"@type":"EntryPoint","urlTemplate":"https:\/\/venti.net.pl\/blog\/?s={search_term_string}"},"query-input":"required name=search_term_string"}],"inLanguage":"pl-PL"},{"@type":"Person","@id":"https:\/\/venti.net.pl\/blog\/#\/schema\/person\/8b34fa19ed46553ce1af73e0b5848be7","name":"admin","image":{"@type":"ImageObject","inLanguage":"pl-PL","@id":"https:\/\/venti.net.pl\/blog\/#\/schema\/person\/image\/","url":"https:\/\/secure.gravatar.com\/avatar\/8ba90f968bb31cbecf6444ed388f8c5bd5d9803a1e56d3674bd89c22985e049d?s=96&d=mm&r=g","contentUrl":"https:\/\/secure.gravatar.com\/avatar\/8ba90f968bb31cbecf6444ed388f8c5bd5d9803a1e56d3674bd89c22985e049d?s=96&d=mm&r=g","caption":"admin"},"sameAs":["https:\/\/venti.net.pl\/blog"],"url":"https:\/\/venti.net.pl\/blog\/author\/admin\/"}]}},"_links":{"self":[{"href":"https:\/\/venti.net.pl\/blog\/wp-json\/wp\/v2\/posts\/97","targetHints":{"allow":["GET"]}}],"collection":[{"href":"https:\/\/venti.net.pl\/blog\/wp-json\/wp\/v2\/posts"}],"about":[{"href":"https:\/\/venti.net.pl\/blog\/wp-json\/wp\/v2\/types\/post"}],"author":[{"embeddable":true,"href":"https:\/\/venti.net.pl\/blog\/wp-json\/wp\/v2\/users\/1"}],"replies":[{"embeddable":true,"href":"https:\/\/venti.net.pl\/blog\/wp-json\/wp\/v2\/comments?post=97"}],"version-history":[{"count":1,"href":"https:\/\/venti.net.pl\/blog\/wp-json\/wp\/v2\/posts\/97\/revisions"}],"predecessor-version":[{"id":99,"href":"https:\/\/venti.net.pl\/blog\/wp-json\/wp\/v2\/posts\/97\/revisions\/99"}],"wp:featuredmedia":[{"embeddable":true,"href":"https:\/\/venti.net.pl\/blog\/wp-json\/wp\/v2\/media\/98"}],"wp:attachment":[{"href":"https:\/\/venti.net.pl\/blog\/wp-json\/wp\/v2\/media?parent=97"}],"wp:term":[{"taxonomy":"category","embeddable":true,"href":"https:\/\/venti.net.pl\/blog\/wp-json\/wp\/v2\/categories?post=97"},{"taxonomy":"post_tag","embeddable":true,"href":"https:\/\/venti.net.pl\/blog\/wp-json\/wp\/v2\/tags?post=97"}],"curies":[{"name":"wp","href":"https:\/\/api.w.org\/{rel}","templated":true}]}}